{"id":5418,"date":"2025-07-10T19:02:47","date_gmt":"2025-07-10T19:02:47","guid":{"rendered":"https:\/\/globalzerowaste.org\/?p=5418"},"modified":"2025-07-10T20:30:26","modified_gmt":"2025-07-10T20:30:26","slug":"comfenalco-quindio-social-and-environmental-leadership-from-the-heart-of-the-coffee-region-first-family-compensation-fund-certified-in-zero-waste","status":"publish","type":"post","link":"https:\/\/globalzerowaste.org\/en\/comfenalco-quindio-liderazgo-social-y-ambiental-desde-el-corazon-del-eje-cafetero-primera-caja-de-compensacion-familiar-certificada-en-zero-waste\/","title":{"rendered":"Comfenalco Quind\u00edo: Social and environmental leadership from the heart of the Eje Cafetero First Family Compensation Fund certified in Zero Waste"},"content":{"rendered":"<div data-elementor-type=\"wp-post\" data-elementor-id=\"5418\" class=\"elementor elementor-5418\" data-elementor-settings=\"{&quot;element_pack_global_tooltip_width&quot;:{&quot;unit&quot;:&quot;px&quot;,&quot;size&quot;:117,&quot;sizes&quot;:[]},&quot;element_pack_global_tooltip_width_tablet&quot;:{&quot;unit&quot;:&quot;px&quot;,&quot;size&quot;:&quot;&quot;,&quot;sizes&quot;:[]},&quot;element_pack_global_tooltip_width_mobile&quot;:{&quot;unit&quot;:&quot;px&quot;,&quot;size&quot;:&quot;&quot;,&quot;sizes&quot;:[]},&quot;element_pack_global_tooltip_padding&quot;:{&quot;unit&quot;:&quot;px&quot;,&quot;top&quot;:&quot;&quot;,&quot;right&quot;:&quot;&quot;,&quot;bottom&quot;:&quot;&quot;,&quot;left&quot;:&quot;&quot;,&quot;isLinked&quot;:true},&quot;element_pack_global_tooltip_padding_tablet&quot;:{&quot;unit&quot;:&quot;px&quot;,&quot;top&quot;:&quot;&quot;,&quot;right&quot;:&quot;&quot;,&quot;bottom&quot;:&quot;&quot;,&quot;left&quot;:&quot;&quot;,&quot;isLinked&quot;:true},&quot;element_pack_global_tooltip_padding_mobile&quot;:{&quot;unit&quot;:&quot;px&quot;,&quot;top&quot;:&quot;&quot;,&quot;right&quot;:&quot;&quot;,&quot;bottom&quot;:&quot;&quot;,&quot;left&quot;:&quot;&quot;,&quot;isLinked&quot;:true},&quot;element_pack_global_tooltip_border_radius&quot;:{&quot;unit&quot;:&quot;px&quot;,&quot;top&quot;:&quot;&quot;,&quot;right&quot;:&quot;&quot;,&quot;bottom&quot;:&quot;&quot;,&quot;left&quot;:&quot;&quot;,&quot;isLinked&quot;:true},&quot;element_pack_global_tooltip_border_radius_tablet&quot;:{&quot;unit&quot;:&quot;px&quot;,&quot;top&quot;:&quot;&quot;,&quot;right&quot;:&quot;&quot;,&quot;bottom&quot;:&quot;&quot;,&quot;left&quot;:&quot;&quot;,&quot;isLinked&quot;:true},&quot;element_pack_global_tooltip_border_radius_mobile&quot;:{&quot;unit&quot;:&quot;px&quot;,&quot;top&quot;:&quot;&quot;,&quot;right&quot;:&quot;&quot;,&quot;bottom&quot;:&quot;&quot;,&quot;left&quot;:&quot;&quot;,&quot;isLinked&quot;:true}}\" data-elementor-post-type=\"post\">\n\t\t\t\t<div class=\"elementor-element elementor-element-22018f5 e-flex e-con-boxed e-con e-parent\" data-id=\"22018f5\" data-element_type=\"container\" data-e-type=\"container\">\n\t\t\t\t\t<div class=\"e-con-inner\">\n\t\t\t\t<div class=\"elementor-element elementor-element-38d4186 elementor-widget-divider--view-line elementor-widget elementor-widget-divider\" data-id=\"38d4186\" data-element_type=\"widget\" data-e-type=\"widget\" data-widget_type=\"divider.default\">\n\t\t\t\t\t\t\t<div class=\"elementor-divider\">\n\t\t\t<span class=\"elementor-divider-separator\">\n\t\t\t\t\t\t<\/span>\n\t\t<\/div>\n\t\t\t\t\t\t<\/div>\n\t\t\t\t<div class=\"elementor-element elementor-element-fd4f856 elementor-widget elementor-widget-text-editor\" data-id=\"fd4f856\" data-element_type=\"widget\" data-e-type=\"widget\" data-widget_type=\"text-editor.default\">\n\t\t\t\t\t\t\t\t\t<p style=\"text-align: left;\">For almost five decades, <a href=\"https:\/\/comfenalcoquindio.com\/\">Comfenalco Quind\u00edo<\/a> has worked for the welfare of workers and their families in the coffee region, positioning itself as an institution that is an ally of social development. Today, it has also consolidated its position as a benchmark in sustainability by becoming the first Caja de Compensaci\u00f3n Familiar in the country to be certified with the Gold Seal in the International Zero Waste Management Systems Standard, awarded by the International Organization for Standardization (ISO). <a href=\"https:\/\/www.linkedin.com\/company\/icontec\/posts\/?feedView=all\">Icontec<\/a> backed by <a href=\"https:\/\/www.linkedin.com\/company\/10007779\/admin\/dashboard\/\">Global Zero Waste.<\/a><\/p><p><strong>Transforming from the root<\/strong><\/p><p>In 2019, <a href=\"https:\/\/comfenalcoquindio.com\/\">Comfenalco Quind\u00edo<\/a> took a decisive step towards sustainability by integrating the Zero Waste Management System into its corporate strategy. Through a rigorous process of training, implementation and continuous improvement, in February 2023 the organization achieved certification in the Gold category. This commitment has not only significantly reduced its environmental impact, but has also driven a profound transformation in its organizational culture and the way it operates.<\/p><p>As a result of this commitment, the company has achieved by 2024 a <strong>rate of 84.2%<\/strong> and has prevented the shipment of <strong>239.3 tons of waste to sanitary landfill<\/strong>. This translates not only into environmental benefits, but also into concrete economic impacts:<\/p><ul><li>Savings of more than <strong>43,000<\/strong>The company has been able to reduce paper purchases, single-use packaging and cleaning fees.<\/li><li>87.1% reduction in the use of disposable towels.<\/li><li>22.6% reduction in reams of paper consumption.<\/li><\/ul>\t\t\t\t\t\t\t\t<\/div>\n\t\t\t\t<div class=\"elementor-element elementor-element-c929ad2 elementor-widget elementor-widget-video\" data-id=\"c929ad2\" data-element_type=\"widget\" data-e-type=\"widget\" data-settings=\"{&quot;youtube_url&quot;:&quot;https:\\\/\\\/youtu.be\\\/wXbMdift7A0?si=YgUbhKF1lvOP81FJ&quot;,&quot;video_type&quot;:&quot;youtube&quot;,&quot;controls&quot;:&quot;yes&quot;}\" data-widget_type=\"video.default\">\n\t\t\t\t\t\t\t<div class=\"elementor-wrapper elementor-open-inline\">\n\t\t\t<div class=\"elementor-video\"><\/div>\t\t<\/div>\n\t\t\t\t\t\t<\/div>\n\t\t\t\t<div class=\"elementor-element elementor-element-92621c7 elementor-widget elementor-widget-text-editor\" data-id=\"92621c7\" data-element_type=\"widget\" data-e-type=\"widget\" data-widget_type=\"text-editor.default\">\n\t\t\t\t\t\t\t\t\t<p><strong>Education, biodiversity and sustainable innovation<\/strong><\/p><p>In addition to waste management, Comfenalco has strengthened its waste management actions. <strong>environmental education<\/strong> and protection of the <strong>biodiversity<\/strong>expanding its impact in the region. Its leadership has been recognized with several awards, among them:<\/p><ul><li><a href=\"https:\/\/revistaasisomos.com\/articulo-01-uno-acciones-por-el-planeta\/\">Icontec Zero Waste Gold Seal (2023)<\/a>The award was granted for the exemplary implementation of its waste management model.<\/li><li><a href=\"https:\/\/comfenalcoquindio.com\/comfenalco-quindio-elegida-por-segundo-ocasion-como-la-empresa-con-mejor-practica-ambiental-del-departamento\/\">Regional and National Best Environmental Practice Award - CAMACOL (2024)<\/a>.<\/li><li><a href=\"https:\/\/comfenalcoquindio.com\/comfenalco-quindio-segundo-lugar-del-premio-bibo-del-periodico-el-espectador\/#:~:text=Este%20mi%C3%A9rcoles%2011%20de%20octubre%2C%20el%20peri%C3%B3dico,proyecto:%20Por%20el%20planeta%2C%20por%20nuestra%20gente\">El Espectador BIBO Award (Second place, 2023)<\/a> for your project <em>\"For the planet, for our people\"<\/em>nationally prominent.<\/li><li><a href=\"https:\/\/comfenalcoquindio.com\/red-pacto-global-otorga-reconocimiento-nacional-a-comfenalco-quindio-por-buenas-practicas-de-desarrollo-sostenible-2024\/\">Recognition in SDG 12<\/a> by Pacto Global Colombia and the Bogot\u00e1 Chamber of Commerce.<\/li><li><a href=\"https:\/\/comfenalcoquindio.com\/sociedad-europea-para-la-investigacion-de-la-calidad-otorgo-premio-quality-choice-prize-2025-a-comfenalco-quindio\/\">Quality Choice Prize 2025<\/a>This prestigious recognition was awarded by the European Society for Quality Research (ESQR) in Stockholm, Sweden, and positions Comfenalco Quind\u00edo as the first Colombian company to receive this international distinction. The award highlights its operational excellence, institutional ethics and social impact, especially recognizing its humanistic approach, the strength of its integrated management system, and its commitment to the sustainable transformation of the territory.<\/li><\/ul><p>\u00a0<\/p><p>Among the aspects valued by the ESQR are the implementation of the Zero Waste model, which enabled the company to achieve a waste utilization rate of 84.2%, and the use of solar energy, which currently covers 40% of the energy demand of the Soled\u00e9n Park.<\/p>\t\t\t\t\t\t\t\t<\/div>\n\t\t\t\t<div class=\"elementor-element elementor-element-bdcee3d elementor-widget elementor-widget-image\" data-id=\"bdcee3d\" data-element_type=\"widget\" data-e-type=\"widget\" data-widget_type=\"image.default\">\n\t\t\t\t\t\t\t\t\t\t\t\t\t\t\t<img fetchpriority=\"high\" decoding=\"async\" width=\"637\" height=\"1024\" src=\"https:\/\/globalzerowaste.org\/wp-content\/uploads\/2025\/07\/IMG_E1692-637x1024.jpg\" class=\"attachment-large size-large wp-image-5424\" alt=\"Comfenalco, Zero Waste Zero Waste Achievement\" srcset=\"https:\/\/globalzerowaste.org\/wp-content\/uploads\/2025\/07\/IMG_E1692-637x1024.jpg 637w, https:\/\/globalzerowaste.org\/wp-content\/uploads\/2025\/07\/IMG_E1692-187x300.jpg 187w, https:\/\/globalzerowaste.org\/wp-content\/uploads\/2025\/07\/IMG_E1692-768x1235.jpg 768w, https:\/\/globalzerowaste.org\/wp-content\/uploads\/2025\/07\/IMG_E1692-955x1536.jpg 955w, https:\/\/globalzerowaste.org\/wp-content\/uploads\/2025\/07\/IMG_E1692-1274x2048.jpg 1274w, https:\/\/globalzerowaste.org\/wp-content\/uploads\/2025\/07\/IMG_E1692-7x12.jpg 7w, https:\/\/globalzerowaste.org\/wp-content\/uploads\/2025\/07\/IMG_E1692-scaled.jpg 1592w\" sizes=\"(max-width: 637px) 100vw, 637px\" \/>\t\t\t\t\t\t\t\t\t\t\t\t\t\t\t<\/div>\n\t\t\t\t<div class=\"elementor-element elementor-element-6a9b525 elementor-widget elementor-widget-text-editor\" data-id=\"6a9b525\" data-element_type=\"widget\" data-e-type=\"widget\" data-widget_type=\"text-editor.default\">\n\t\t\t\t\t\t\t\t\t<p><strong>A team driving change<\/strong><\/p><p>None of this would be possible without the leadership, commitment and vision of those who lead this transformation. From Global Zero Waste we would like to extend a special acknowledgment to its Directors, headed by <a href=\"https:\/\/www.linkedin.com\/in\/jose-fernando-montes-salazar-81b47b107\/?originalSubdomain=co\"><strong>Jos\u00e9 Fernando Montes Salazar<\/strong><\/a>Administrative Director; <a href=\"https:\/\/www.linkedin.com\/in\/ivan-dario-alzate-marin-67b79b162\/?originalSubdomain=co\"><strong>Iv\u00e1n Dar\u00edo Alzate Mar\u00edn<\/strong><\/a>Social Services Manager; and <a href=\"https:\/\/www.linkedin.com\/in\/luis-dario-tellez-ramirez-7805ba24b\/?originalSubdomain=co\"><strong>Luis Dario Tellez<\/strong><\/a>The President, Corporate Social Responsibility Coordinator, for his dedication and conviction in this process.<\/p><p>We would also like to highlight and thank all the employees of Comfenalco Quind\u00edo, whose daily effort, willingness to change and sense of belonging have been fundamental to achieve these results. This achievement is undoubtedly the reflection of an organization that works together with purpose.<\/p><p><strong>A call to lead with purpose<\/strong><\/p><p>Comfenalco Quind\u00edo's path demonstrates that sustainability is not only an institutional goal, but a daily commitment to collective well-being. Every action counts, every decision transforms, and every organization - regardless of its sector - has the power to make a difference.<\/p><p>Because the future does not wait, it is built with responsibility, innovation and purpose.<\/p><p style=\"text-align: center;\"><strong><em>Are you ready to lead a sustainable transformation in your organization?<\/em><\/strong><\/p>\t\t\t\t\t\t\t\t<\/div>\n\t\t\t\t<div class=\"elementor-element elementor-element-8bdc9e4 elementor-align-center elementor-widget elementor-widget-button\" data-id=\"8bdc9e4\" data-element_type=\"widget\" data-e-type=\"widget\" data-widget_type=\"button.default\">\n\t\t\t\t\t\t\t\t\t\t<a class=\"elementor-button elementor-button-link elementor-size-sm\" href=\"https:\/\/globalzerowaste.org\/en\/zero-waste-zero-waste-management-system\/\">\n\t\t\t\t\t\t<span class=\"elementor-button-content-wrapper\">\n\t\t\t\t\t\t\t\t\t<span class=\"elementor-button-text\">Learn more here<\/span>\n\t\t\t\t\t<\/span>\n\t\t\t\t\t<\/a>\n\t\t\t\t\t\t\t\t<\/div>\n\t\t\t\t\t<\/div>\n\t\t\t\t<\/div>\n\t\t<div class=\"elementor-element elementor-element-f3304eb e-flex e-con-boxed e-con e-parent\" data-id=\"f3304eb\" data-element_type=\"container\" data-e-type=\"container\">\n\t\t\t\t\t<div class=\"e-con-inner\">\n\t\t\t\t<div class=\"elementor-element elementor-element-4981193 elementor-widget elementor-widget-spacer\" data-id=\"4981193\" data-element_type=\"widget\" data-e-type=\"widget\" data-widget_type=\"spacer.default\">\n\t\t\t\t\t\t\t<div class=\"elementor-spacer\">\n\t\t\t<div class=\"elementor-spacer-inner\"><\/div>\n\t\t<\/div>\n\t\t\t\t\t\t<\/div>\n\t\t\t\t<div class=\"elementor-element elementor-element-f5afe81 elementor-widget-divider--view-line elementor-widget elementor-widget-divider\" data-id=\"f5afe81\" data-element_type=\"widget\" data-e-type=\"widget\" data-widget_type=\"divider.default\">\n\t\t\t\t\t\t\t<div class=\"elementor-divider\">\n\t\t\t<span class=\"elementor-divider-separator\">\n\t\t\t\t\t\t<\/span>\n\t\t<\/div>\n\t\t\t\t\t\t<\/div>\n\t\t\t\t<div class=\"elementor-element elementor-element-74aa1b6 elementor-widget elementor-widget-heading\" data-id=\"74aa1b6\" data-element_type=\"widget\" data-e-type=\"widget\" data-widget_type=\"heading.default\">\n\t\t\t\t\t<h2 class=\"elementor-heading-title elementor-size-default\">Subscribe<\/h2>\t\t\t\t<\/div>\n\t\t\t\t<div class=\"elementor-element elementor-element-9460223 elementor-widget elementor-widget-hubspot-form\" data-id=\"9460223\" data-element_type=\"widget\" data-e-type=\"widget\" data-widget_type=\"hubspot-form.default\">\n\t\t\t\t<div class=\"elementor-widget-container\">\n\t\t\t\t\t\n\t\t\t\t\t\t<script>\n\t\t\t\t\t\t\twindow.hsFormsOnReady = window.hsFormsOnReady || [];\n\t\t\t\t\t\t\twindow.hsFormsOnReady.push(()=>{\n\t\t\t\t\t\t\t\thbspt.forms.create({\n\t\t\t\t\t\t\t\t\tportalId: 48247350,\n\t\t\t\t\t\t\t\t\tformId: \"2c55022e-1a3f-4899-be29-12d9aa63354f\",\n\t\t\t\t\t\t\t\t\ttarget: \"#hbspt-form-1777665114000-1388236853\",\n\t\t\t\t\t\t\t\t\tregion: \"na1\",\n\t\t\t\t\t\t\t\t\t\n\t\t\t\t\t\t\t})});\n\t\t\t\t\t\t<\/script>\n\t\t\t\t\t\t<div class=\"hbspt-form\" id=\"hbspt-form-1777665114000-1388236853\"><\/div>\t\t\t\t<\/div>\n\t\t\t\t<\/div>\n\t\t\t\t\t<\/div>\n\t\t\t\t<\/div>\n\t\t\t\t<\/div>","protected":false},"excerpt":{"rendered":"<p>Desde hace casi cinco d\u00e9cadas, Comfenalco Quind\u00edo ha trabajado por el bienestar de los trabajadores y sus familias en la regi\u00f3n cafetera, posicion\u00e1ndose como una instituci\u00f3n aliada del desarrollo social. Hoy, adem\u00e1s, se consolida como un referente en sostenibilidad al convertirse en la primera Caja de Compensaci\u00f3n Familiar del pa\u00eds certificada con el sello Oro [&hellip;]<\/p>\n","protected":false},"author":5,"featured_media":5419,"comment_status":"closed","ping_status":"closed","sticky":false,"template":"","format":"standard","meta":{"content-type":"","_joinchat":[],"footnotes":""},"categories":[22,10,21],"tags":[],"class_list":["post-5418","post","type-post","status-publish","format-standard","has-post-thumbnail","hentry","category-economia_circular","category-noticias","category-sgzw"],"yoast_head":"<!-- This site is optimized with the Yoast SEO plugin v27.5 - https:\/\/yoast.com\/product\/yoast-seo-wordpress\/ -->\n<title>Comfenalco Quind\u00edo: Liderazgo social y ambiental desde el coraz\u00f3n del Eje Cafetero Primera Caja de Compensaci\u00f3n Familiar certificada en Zero Waste - Global Zero Waste \/ Basura Cero Global<\/title>\n<meta name=\"description\" content=\"SGZW Comfenalco Quind\u00edo: Liderazgo social y ambiental desde el coraz\u00f3n del Eje Cafetero Primera Caja de Compensaci\u00f3n Familiar certificada en Zero Waste - Global Zero Waste \/ Basura Cero Global\" \/>\n<meta name=\"robots\" content=\"index, follow, max-snippet:-1, max-image-preview:large, max-video-preview:-1\" \/>\n<link rel=\"canonical\" href=\"https:\/\/globalzerowaste.org\/en\/comfenalco-quindio-social-and-environmental-leadership-from-the-heart-of-the-coffee-region-first-family-compensation-fund-certified-in-zero-waste\/\" \/>\n<meta property=\"og:locale\" content=\"en_US\" \/>\n<meta property=\"og:type\" content=\"article\" \/>\n<meta property=\"og:title\" content=\"Comfenalco Quind\u00edo: Liderazgo social y ambiental desde el coraz\u00f3n del Eje Cafetero Primera Caja de Compensaci\u00f3n Familiar certificada en Zero Waste - Global Zero Waste \/ Basura Cero Global\" \/>\n<meta property=\"og:description\" content=\"SGZW Comfenalco Quind\u00edo: Liderazgo social y ambiental desde el coraz\u00f3n del Eje Cafetero Primera Caja de Compensaci\u00f3n Familiar certificada en Zero Waste - Global Zero Waste \/ Basura Cero Global\" \/>\n<meta property=\"og:url\" content=\"https:\/\/globalzerowaste.org\/en\/comfenalco-quindio-social-and-environmental-leadership-from-the-heart-of-the-coffee-region-first-family-compensation-fund-certified-in-zero-waste\/\" \/>\n<meta property=\"og:site_name\" content=\"Global Zero Waste \/ Basura Cero Global\" \/>\n<meta property=\"article:publisher\" content=\"https:\/\/www.facebook.com\/globalzerowasteGZW\" \/>\n<meta property=\"article:published_time\" content=\"2025-07-10T19:02:47+00:00\" \/>\n<meta property=\"article:modified_time\" content=\"2025-07-10T20:30:26+00:00\" \/>\n<meta property=\"og:image\" content=\"https:\/\/globalzerowaste.org\/wp-content\/uploads\/2025\/07\/DJI_0113-scaled.jpg\" \/>\n\t<meta property=\"og:image:width\" content=\"2048\" \/>\n\t<meta property=\"og:image:height\" content=\"1152\" \/>\n\t<meta property=\"og:image:type\" content=\"image\/jpeg\" \/>\n<meta name=\"author\" content=\"Diego Romero\" \/>\n<meta name=\"twitter:card\" content=\"summary_large_image\" \/>\n<meta name=\"twitter:creator\" content=\"@basuraceroglob\" \/>\n<meta name=\"twitter:site\" content=\"@basuraceroglob\" \/>\n<meta name=\"twitter:label1\" content=\"Written by\" \/>\n\t<meta name=\"twitter:data1\" content=\"Diego Romero\" \/>\n\t<meta name=\"twitter:label2\" content=\"Est. reading time\" \/>\n\t<meta name=\"twitter:data2\" content=\"4 minutes\" \/>\n<script type=\"application\/ld+json\" class=\"yoast-schema-graph\">{\"@context\":\"https:\\\/\\\/schema.org\",\"@graph\":[{\"@type\":\"Article\",\"@id\":\"https:\\\/\\\/globalzerowaste.org\\\/comfenalco-quindio-liderazgo-social-y-ambiental-desde-el-corazon-del-eje-cafetero-primera-caja-de-compensacion-familiar-certificada-en-zero-waste\\\/#article\",\"isPartOf\":{\"@id\":\"https:\\\/\\\/globalzerowaste.org\\\/comfenalco-quindio-liderazgo-social-y-ambiental-desde-el-corazon-del-eje-cafetero-primera-caja-de-compensacion-familiar-certificada-en-zero-waste\\\/\"},\"author\":{\"name\":\"Diego Romero\",\"@id\":\"https:\\\/\\\/globalzerowaste.org\\\/#\\\/schema\\\/person\\\/5964e9b3591282df75f5643b4e777435\"},\"headline\":\"Comfenalco Quind\u00edo: Liderazgo social y ambiental desde el coraz\u00f3n del Eje Cafetero Primera Caja de Compensaci\u00f3n Familiar certificada en Zero Waste\",\"datePublished\":\"2025-07-10T19:02:47+00:00\",\"dateModified\":\"2025-07-10T20:30:26+00:00\",\"mainEntityOfPage\":{\"@id\":\"https:\\\/\\\/globalzerowaste.org\\\/comfenalco-quindio-liderazgo-social-y-ambiental-desde-el-corazon-del-eje-cafetero-primera-caja-de-compensacion-familiar-certificada-en-zero-waste\\\/\"},\"wordCount\":740,\"publisher\":{\"@id\":\"https:\\\/\\\/globalzerowaste.org\\\/#organization\"},\"image\":{\"@id\":\"https:\\\/\\\/globalzerowaste.org\\\/comfenalco-quindio-liderazgo-social-y-ambiental-desde-el-corazon-del-eje-cafetero-primera-caja-de-compensacion-familiar-certificada-en-zero-waste\\\/#primaryimage\"},\"thumbnailUrl\":\"https:\\\/\\\/globalzerowaste.org\\\/wp-content\\\/uploads\\\/2025\\\/07\\\/DJI_0113-scaled.jpg\",\"articleSection\":[\"Econom\u00eda circular\",\"Noticias\",\"SGZW\"],\"inLanguage\":\"en-US\"},{\"@type\":\"WebPage\",\"@id\":\"https:\\\/\\\/globalzerowaste.org\\\/comfenalco-quindio-liderazgo-social-y-ambiental-desde-el-corazon-del-eje-cafetero-primera-caja-de-compensacion-familiar-certificada-en-zero-waste\\\/\",\"url\":\"https:\\\/\\\/globalzerowaste.org\\\/comfenalco-quindio-liderazgo-social-y-ambiental-desde-el-corazon-del-eje-cafetero-primera-caja-de-compensacion-familiar-certificada-en-zero-waste\\\/\",\"name\":\"Comfenalco Quind\u00edo: Liderazgo social y ambiental desde el coraz\u00f3n del Eje Cafetero Primera Caja de Compensaci\u00f3n Familiar certificada en Zero Waste - Global Zero Waste \\\/ Basura Cero Global\",\"isPartOf\":{\"@id\":\"https:\\\/\\\/globalzerowaste.org\\\/#website\"},\"primaryImageOfPage\":{\"@id\":\"https:\\\/\\\/globalzerowaste.org\\\/comfenalco-quindio-liderazgo-social-y-ambiental-desde-el-corazon-del-eje-cafetero-primera-caja-de-compensacion-familiar-certificada-en-zero-waste\\\/#primaryimage\"},\"image\":{\"@id\":\"https:\\\/\\\/globalzerowaste.org\\\/comfenalco-quindio-liderazgo-social-y-ambiental-desde-el-corazon-del-eje-cafetero-primera-caja-de-compensacion-familiar-certificada-en-zero-waste\\\/#primaryimage\"},\"thumbnailUrl\":\"https:\\\/\\\/globalzerowaste.org\\\/wp-content\\\/uploads\\\/2025\\\/07\\\/DJI_0113-scaled.jpg\",\"datePublished\":\"2025-07-10T19:02:47+00:00\",\"dateModified\":\"2025-07-10T20:30:26+00:00\",\"description\":\"SGZW Comfenalco Quind\u00edo: Liderazgo social y ambiental desde el coraz\u00f3n del Eje Cafetero Primera Caja de Compensaci\u00f3n Familiar certificada en Zero Waste - Global Zero Waste \\\/ Basura Cero Global\",\"breadcrumb\":{\"@id\":\"https:\\\/\\\/globalzerowaste.org\\\/comfenalco-quindio-liderazgo-social-y-ambiental-desde-el-corazon-del-eje-cafetero-primera-caja-de-compensacion-familiar-certificada-en-zero-waste\\\/#breadcrumb\"},\"inLanguage\":\"en-US\",\"potentialAction\":[{\"@type\":\"ReadAction\",\"target\":[\"https:\\\/\\\/globalzerowaste.org\\\/comfenalco-quindio-liderazgo-social-y-ambiental-desde-el-corazon-del-eje-cafetero-primera-caja-de-compensacion-familiar-certificada-en-zero-waste\\\/\"]}]},{\"@type\":\"ImageObject\",\"inLanguage\":\"en-US\",\"@id\":\"https:\\\/\\\/globalzerowaste.org\\\/comfenalco-quindio-liderazgo-social-y-ambiental-desde-el-corazon-del-eje-cafetero-primera-caja-de-compensacion-familiar-certificada-en-zero-waste\\\/#primaryimage\",\"url\":\"https:\\\/\\\/globalzerowaste.org\\\/wp-content\\\/uploads\\\/2025\\\/07\\\/DJI_0113-scaled.jpg\",\"contentUrl\":\"https:\\\/\\\/globalzerowaste.org\\\/wp-content\\\/uploads\\\/2025\\\/07\\\/DJI_0113-scaled.jpg\",\"width\":2048,\"height\":1152,\"caption\":\"default\"},{\"@type\":\"BreadcrumbList\",\"@id\":\"https:\\\/\\\/globalzerowaste.org\\\/comfenalco-quindio-liderazgo-social-y-ambiental-desde-el-corazon-del-eje-cafetero-primera-caja-de-compensacion-familiar-certificada-en-zero-waste\\\/#breadcrumb\",\"itemListElement\":[{\"@type\":\"ListItem\",\"position\":1,\"name\":\"Inicio\",\"item\":\"https:\\\/\\\/globalzerowaste.org\\\/\"},{\"@type\":\"ListItem\",\"position\":2,\"name\":\"SGZW\",\"item\":\"https:\\\/\\\/globalzerowaste.org\\\/category\\\/sgzw\\\/\"},{\"@type\":\"ListItem\",\"position\":3,\"name\":\"Comfenalco Quind\u00edo: Liderazgo social y ambiental desde el coraz\u00f3n del Eje Cafetero Primera Caja de Compensaci\u00f3n Familiar certificada en Zero Waste\"}]},{\"@type\":\"WebSite\",\"@id\":\"https:\\\/\\\/globalzerowaste.org\\\/#website\",\"url\":\"https:\\\/\\\/globalzerowaste.org\\\/\",\"name\":\"Global Zero Waste\",\"description\":\"Reducimos costos de materiales y residuos en todo tipo de organizaciones a nivel global. Expertos en Econom\u00eda Circular, Zero Waste y Sostenibilidad en gesti\u00f3n de materiales y residuos s\u00f3lidos (basura cero, residuo cero)\",\"publisher\":{\"@id\":\"https:\\\/\\\/globalzerowaste.org\\\/#organization\"},\"alternateName\":\"GZW - Basura Cero Global\",\"potentialAction\":[{\"@type\":\"SearchAction\",\"target\":{\"@type\":\"EntryPoint\",\"urlTemplate\":\"https:\\\/\\\/globalzerowaste.org\\\/?s={search_term_string}\"},\"query-input\":{\"@type\":\"PropertyValueSpecification\",\"valueRequired\":true,\"valueName\":\"search_term_string\"}}],\"inLanguage\":\"en-US\"},{\"@type\":\"Organization\",\"@id\":\"https:\\\/\\\/globalzerowaste.org\\\/#organization\",\"name\":\"Global Zero Waste\",\"alternateName\":\"GZW - Basura Cero Global\",\"url\":\"https:\\\/\\\/globalzerowaste.org\\\/\",\"logo\":{\"@type\":\"ImageObject\",\"inLanguage\":\"en-US\",\"@id\":\"https:\\\/\\\/globalzerowaste.org\\\/#\\\/schema\\\/logo\\\/image\\\/\",\"url\":\"https:\\\/\\\/globalzerowaste.org\\\/wp-content\\\/uploads\\\/2023\\\/09\\\/Logo-Global-Zero-Waste-sin-bordes.png\",\"contentUrl\":\"https:\\\/\\\/globalzerowaste.org\\\/wp-content\\\/uploads\\\/2023\\\/09\\\/Logo-Global-Zero-Waste-sin-bordes.png\",\"width\":1800,\"height\":689,\"caption\":\"Global Zero Waste\"},\"image\":{\"@id\":\"https:\\\/\\\/globalzerowaste.org\\\/#\\\/schema\\\/logo\\\/image\\\/\"},\"sameAs\":[\"https:\\\/\\\/www.facebook.com\\\/globalzerowasteGZW\",\"https:\\\/\\\/x.com\\\/basuraceroglob\",\"https:\\\/\\\/www.linkedin.com\\\/company\\\/globalzerowaste\\\/posts\\\/?feedView=all\",\"https:\\\/\\\/www.instagram.com\\\/global.zerowaste\\\/\",\"https:\\\/\\\/www.youtube.com\\\/@GlobalZeroWaste\"]},{\"@type\":\"Person\",\"@id\":\"https:\\\/\\\/globalzerowaste.org\\\/#\\\/schema\\\/person\\\/5964e9b3591282df75f5643b4e777435\",\"name\":\"Diego Romero\",\"image\":{\"@type\":\"ImageObject\",\"inLanguage\":\"en-US\",\"@id\":\"https:\\\/\\\/secure.gravatar.com\\\/avatar\\\/17999e1fb74f3ad533acecf94c2ba947f29e55e14efc9eb23ad9789630fc650f?s=96&d=mm&r=g\",\"url\":\"https:\\\/\\\/secure.gravatar.com\\\/avatar\\\/17999e1fb74f3ad533acecf94c2ba947f29e55e14efc9eb23ad9789630fc650f?s=96&d=mm&r=g\",\"contentUrl\":\"https:\\\/\\\/secure.gravatar.com\\\/avatar\\\/17999e1fb74f3ad533acecf94c2ba947f29e55e14efc9eb23ad9789630fc650f?s=96&d=mm&r=g\",\"caption\":\"Diego Romero\"},\"url\":\"https:\\\/\\\/globalzerowaste.org\\\/en\\\/author\\\/dromero\\\/\"}]}<\/script>\n<!-- \/ Yoast SEO plugin. -->","yoast_head_json":{"title":"Comfenalco Quind\u00edo: Social and environmental leadership from the heart of the Eje Cafetero First Family Compensation Fund certified in Zero Waste - Global Zero Waste \/ Global Zero Waste","description":"Comfenalco Quind\u00edo: Social and environmental leadership from the heart of the Eje Cafetero First Family Compensation Fund certified in Zero Waste - Global Zero Waste \/ Global Zero Waste","robots":{"index":"index","follow":"follow","max-snippet":"max-snippet:-1","max-image-preview":"max-image-preview:large","max-video-preview":"max-video-preview:-1"},"canonical":"https:\/\/globalzerowaste.org\/en\/comfenalco-quindio-social-and-environmental-leadership-from-the-heart-of-the-coffee-region-first-family-compensation-fund-certified-in-zero-waste\/","og_locale":"en_US","og_type":"article","og_title":"Comfenalco Quind\u00edo: Liderazgo social y ambiental desde el coraz\u00f3n del Eje Cafetero Primera Caja de Compensaci\u00f3n Familiar certificada en Zero Waste - Global Zero Waste \/ Basura Cero Global","og_description":"SGZW Comfenalco Quind\u00edo: Liderazgo social y ambiental desde el coraz\u00f3n del Eje Cafetero Primera Caja de Compensaci\u00f3n Familiar certificada en Zero Waste - Global Zero Waste \/ Basura Cero Global","og_url":"https:\/\/globalzerowaste.org\/en\/comfenalco-quindio-social-and-environmental-leadership-from-the-heart-of-the-coffee-region-first-family-compensation-fund-certified-in-zero-waste\/","og_site_name":"Global Zero Waste \/ Basura Cero Global","article_publisher":"https:\/\/www.facebook.com\/globalzerowasteGZW","article_published_time":"2025-07-10T19:02:47+00:00","article_modified_time":"2025-07-10T20:30:26+00:00","og_image":[{"width":2048,"height":1152,"url":"https:\/\/globalzerowaste.org\/wp-content\/uploads\/2025\/07\/DJI_0113-scaled.jpg","type":"image\/jpeg"}],"author":"Diego Romero","twitter_card":"summary_large_image","twitter_creator":"@basuraceroglob","twitter_site":"@basuraceroglob","twitter_misc":{"Written by":"Diego Romero","Est. reading time":"4 minutes"},"schema":{"@context":"https:\/\/schema.org","@graph":[{"@type":"Article","@id":"https:\/\/globalzerowaste.org\/comfenalco-quindio-liderazgo-social-y-ambiental-desde-el-corazon-del-eje-cafetero-primera-caja-de-compensacion-familiar-certificada-en-zero-waste\/#article","isPartOf":{"@id":"https:\/\/globalzerowaste.org\/comfenalco-quindio-liderazgo-social-y-ambiental-desde-el-corazon-del-eje-cafetero-primera-caja-de-compensacion-familiar-certificada-en-zero-waste\/"},"author":{"name":"Diego Romero","@id":"https:\/\/globalzerowaste.org\/#\/schema\/person\/5964e9b3591282df75f5643b4e777435"},"headline":"Comfenalco Quind\u00edo: Liderazgo social y ambiental desde el coraz\u00f3n del Eje Cafetero Primera Caja de Compensaci\u00f3n Familiar certificada en Zero Waste","datePublished":"2025-07-10T19:02:47+00:00","dateModified":"2025-07-10T20:30:26+00:00","mainEntityOfPage":{"@id":"https:\/\/globalzerowaste.org\/comfenalco-quindio-liderazgo-social-y-ambiental-desde-el-corazon-del-eje-cafetero-primera-caja-de-compensacion-familiar-certificada-en-zero-waste\/"},"wordCount":740,"publisher":{"@id":"https:\/\/globalzerowaste.org\/#organization"},"image":{"@id":"https:\/\/globalzerowaste.org\/comfenalco-quindio-liderazgo-social-y-ambiental-desde-el-corazon-del-eje-cafetero-primera-caja-de-compensacion-familiar-certificada-en-zero-waste\/#primaryimage"},"thumbnailUrl":"https:\/\/globalzerowaste.org\/wp-content\/uploads\/2025\/07\/DJI_0113-scaled.jpg","articleSection":["Econom\u00eda circular","Noticias","SGZW"],"inLanguage":"en-US"},{"@type":"WebPage","@id":"https:\/\/globalzerowaste.org\/comfenalco-quindio-liderazgo-social-y-ambiental-desde-el-corazon-del-eje-cafetero-primera-caja-de-compensacion-familiar-certificada-en-zero-waste\/","url":"https:\/\/globalzerowaste.org\/comfenalco-quindio-liderazgo-social-y-ambiental-desde-el-corazon-del-eje-cafetero-primera-caja-de-compensacion-familiar-certificada-en-zero-waste\/","name":"Comfenalco Quind\u00edo: Social and environmental leadership from the heart of the Eje Cafetero First Family Compensation Fund certified in Zero Waste - Global Zero Waste \/ Global Zero Waste","isPartOf":{"@id":"https:\/\/globalzerowaste.org\/#website"},"primaryImageOfPage":{"@id":"https:\/\/globalzerowaste.org\/comfenalco-quindio-liderazgo-social-y-ambiental-desde-el-corazon-del-eje-cafetero-primera-caja-de-compensacion-familiar-certificada-en-zero-waste\/#primaryimage"},"image":{"@id":"https:\/\/globalzerowaste.org\/comfenalco-quindio-liderazgo-social-y-ambiental-desde-el-corazon-del-eje-cafetero-primera-caja-de-compensacion-familiar-certificada-en-zero-waste\/#primaryimage"},"thumbnailUrl":"https:\/\/globalzerowaste.org\/wp-content\/uploads\/2025\/07\/DJI_0113-scaled.jpg","datePublished":"2025-07-10T19:02:47+00:00","dateModified":"2025-07-10T20:30:26+00:00","description":"Comfenalco Quind\u00edo: Social and environmental leadership from the heart of the Eje Cafetero First Family Compensation Fund certified in Zero Waste - Global Zero Waste \/ Global Zero Waste","breadcrumb":{"@id":"https:\/\/globalzerowaste.org\/comfenalco-quindio-liderazgo-social-y-ambiental-desde-el-corazon-del-eje-cafetero-primera-caja-de-compensacion-familiar-certificada-en-zero-waste\/#breadcrumb"},"inLanguage":"en-US","potentialAction":[{"@type":"ReadAction","target":["https:\/\/globalzerowaste.org\/comfenalco-quindio-liderazgo-social-y-ambiental-desde-el-corazon-del-eje-cafetero-primera-caja-de-compensacion-familiar-certificada-en-zero-waste\/"]}]},{"@type":"ImageObject","inLanguage":"en-US","@id":"https:\/\/globalzerowaste.org\/comfenalco-quindio-liderazgo-social-y-ambiental-desde-el-corazon-del-eje-cafetero-primera-caja-de-compensacion-familiar-certificada-en-zero-waste\/#primaryimage","url":"https:\/\/globalzerowaste.org\/wp-content\/uploads\/2025\/07\/DJI_0113-scaled.jpg","contentUrl":"https:\/\/globalzerowaste.org\/wp-content\/uploads\/2025\/07\/DJI_0113-scaled.jpg","width":2048,"height":1152,"caption":"default"},{"@type":"BreadcrumbList","@id":"https:\/\/globalzerowaste.org\/comfenalco-quindio-liderazgo-social-y-ambiental-desde-el-corazon-del-eje-cafetero-primera-caja-de-compensacion-familiar-certificada-en-zero-waste\/#breadcrumb","itemListElement":[{"@type":"ListItem","position":1,"name":"Inicio","item":"https:\/\/globalzerowaste.org\/"},{"@type":"ListItem","position":2,"name":"SGZW","item":"https:\/\/globalzerowaste.org\/category\/sgzw\/"},{"@type":"ListItem","position":3,"name":"Comfenalco Quind\u00edo: Liderazgo social y ambiental desde el coraz\u00f3n del Eje Cafetero Primera Caja de Compensaci\u00f3n Familiar certificada en Zero Waste"}]},{"@type":"WebSite","@id":"https:\/\/globalzerowaste.org\/#website","url":"https:\/\/globalzerowaste.org\/","name":"Global Zero Waste","description":"We reduce material and waste costs in all types of organizations globally. Experts in Circular Economy, Zero Waste and Sustainability in materials and solid waste management (zero waste, zero residue).","publisher":{"@id":"https:\/\/globalzerowaste.org\/#organization"},"alternateName":"GZW - Basura Cero Global","potentialAction":[{"@type":"SearchAction","target":{"@type":"EntryPoint","urlTemplate":"https:\/\/globalzerowaste.org\/?s={search_term_string}"},"query-input":{"@type":"PropertyValueSpecification","valueRequired":true,"valueName":"search_term_string"}}],"inLanguage":"en-US"},{"@type":"Organization","@id":"https:\/\/globalzerowaste.org\/#organization","name":"Global Zero Waste","alternateName":"GZW - Basura Cero Global","url":"https:\/\/globalzerowaste.org\/","logo":{"@type":"ImageObject","inLanguage":"en-US","@id":"https:\/\/globalzerowaste.org\/#\/schema\/logo\/image\/","url":"https:\/\/globalzerowaste.org\/wp-content\/uploads\/2023\/09\/Logo-Global-Zero-Waste-sin-bordes.png","contentUrl":"https:\/\/globalzerowaste.org\/wp-content\/uploads\/2023\/09\/Logo-Global-Zero-Waste-sin-bordes.png","width":1800,"height":689,"caption":"Global Zero Waste"},"image":{"@id":"https:\/\/globalzerowaste.org\/#\/schema\/logo\/image\/"},"sameAs":["https:\/\/www.facebook.com\/globalzerowasteGZW","https:\/\/x.com\/basuraceroglob","https:\/\/www.linkedin.com\/company\/globalzerowaste\/posts\/?feedView=all","https:\/\/www.instagram.com\/global.zerowaste\/","https:\/\/www.youtube.com\/@GlobalZeroWaste"]},{"@type":"Person","@id":"https:\/\/globalzerowaste.org\/#\/schema\/person\/5964e9b3591282df75f5643b4e777435","name":"Diego Romero","image":{"@type":"ImageObject","inLanguage":"en-US","@id":"https:\/\/secure.gravatar.com\/avatar\/17999e1fb74f3ad533acecf94c2ba947f29e55e14efc9eb23ad9789630fc650f?s=96&d=mm&r=g","url":"https:\/\/secure.gravatar.com\/avatar\/17999e1fb74f3ad533acecf94c2ba947f29e55e14efc9eb23ad9789630fc650f?s=96&d=mm&r=g","contentUrl":"https:\/\/secure.gravatar.com\/avatar\/17999e1fb74f3ad533acecf94c2ba947f29e55e14efc9eb23ad9789630fc650f?s=96&d=mm&r=g","caption":"Diego Romero"},"url":"https:\/\/globalzerowaste.org\/en\/author\/dromero\/"}]}},"_links":{"self":[{"href":"https:\/\/globalzerowaste.org\/en\/wp-json\/wp\/v2\/posts\/5418","targetHints":{"allow":["GET"]}}],"collection":[{"href":"https:\/\/globalzerowaste.org\/en\/wp-json\/wp\/v2\/posts"}],"about":[{"href":"https:\/\/globalzerowaste.org\/en\/wp-json\/wp\/v2\/types\/post"}],"author":[{"embeddable":true,"href":"https:\/\/globalzerowaste.org\/en\/wp-json\/wp\/v2\/users\/5"}],"replies":[{"embeddable":true,"href":"https:\/\/globalzerowaste.org\/en\/wp-json\/wp\/v2\/comments?post=5418"}],"version-history":[{"count":6,"href":"https:\/\/globalzerowaste.org\/en\/wp-json\/wp\/v2\/posts\/5418\/revisions"}],"predecessor-version":[{"id":5427,"href":"https:\/\/globalzerowaste.org\/en\/wp-json\/wp\/v2\/posts\/5418\/revisions\/5427"}],"wp:featuredmedia":[{"embeddable":true,"href":"https:\/\/globalzerowaste.org\/en\/wp-json\/wp\/v2\/media\/5419"}],"wp:attachment":[{"href":"https:\/\/globalzerowaste.org\/en\/wp-json\/wp\/v2\/media?parent=5418"}],"wp:term":[{"taxonomy":"category","embeddable":true,"href":"https:\/\/globalzerowaste.org\/en\/wp-json\/wp\/v2\/categories?post=5418"},{"taxonomy":"post_tag","embeddable":true,"href":"https:\/\/globalzerowaste.org\/en\/wp-json\/wp\/v2\/tags?post=5418"}],"curies":[{"name":"wp","href":"https:\/\/api.w.org\/{rel}","templated":true}]}}