{"id":5880,"date":"2025-10-21T21:17:17","date_gmt":"2025-10-22T02:17:17","guid":{"rendered":"https:\/\/globalzerowaste.org\/?p=5880"},"modified":"2026-01-05T15:58:03","modified_gmt":"2026-01-05T20:58:03","slug":"global-zero-waste-at-the-zero-waste-forum-2025","status":"publish","type":"post","link":"https:\/\/globalzerowaste.org\/en\/global-zero-waste-en-el-zero-waste-forum-2025\/","title":{"rendered":"Global Zero Waste: expansion and international leadership at the Zero Waste Forum"},"content":{"rendered":"\t\t<div data-elementor-type=\"wp-post\" data-elementor-id=\"5880\" class=\"elementor elementor-5880\" data-elementor-settings=\"{&quot;element_pack_global_tooltip_width&quot;:{&quot;unit&quot;:&quot;px&quot;,&quot;size&quot;:117,&quot;sizes&quot;:[]},&quot;element_pack_global_tooltip_width_tablet&quot;:{&quot;unit&quot;:&quot;px&quot;,&quot;size&quot;:&quot;&quot;,&quot;sizes&quot;:[]},&quot;element_pack_global_tooltip_width_mobile&quot;:{&quot;unit&quot;:&quot;px&quot;,&quot;size&quot;:&quot;&quot;,&quot;sizes&quot;:[]},&quot;element_pack_global_tooltip_padding&quot;:{&quot;unit&quot;:&quot;px&quot;,&quot;top&quot;:&quot;&quot;,&quot;right&quot;:&quot;&quot;,&quot;bottom&quot;:&quot;&quot;,&quot;left&quot;:&quot;&quot;,&quot;isLinked&quot;:true},&quot;element_pack_global_tooltip_padding_tablet&quot;:{&quot;unit&quot;:&quot;px&quot;,&quot;top&quot;:&quot;&quot;,&quot;right&quot;:&quot;&quot;,&quot;bottom&quot;:&quot;&quot;,&quot;left&quot;:&quot;&quot;,&quot;isLinked&quot;:true},&quot;element_pack_global_tooltip_padding_mobile&quot;:{&quot;unit&quot;:&quot;px&quot;,&quot;top&quot;:&quot;&quot;,&quot;right&quot;:&quot;&quot;,&quot;bottom&quot;:&quot;&quot;,&quot;left&quot;:&quot;&quot;,&quot;isLinked&quot;:true},&quot;element_pack_global_tooltip_border_radius&quot;:{&quot;unit&quot;:&quot;px&quot;,&quot;top&quot;:&quot;&quot;,&quot;right&quot;:&quot;&quot;,&quot;bottom&quot;:&quot;&quot;,&quot;left&quot;:&quot;&quot;,&quot;isLinked&quot;:true},&quot;element_pack_global_tooltip_border_radius_tablet&quot;:{&quot;unit&quot;:&quot;px&quot;,&quot;top&quot;:&quot;&quot;,&quot;right&quot;:&quot;&quot;,&quot;bottom&quot;:&quot;&quot;,&quot;left&quot;:&quot;&quot;,&quot;isLinked&quot;:true},&quot;element_pack_global_tooltip_border_radius_mobile&quot;:{&quot;unit&quot;:&quot;px&quot;,&quot;top&quot;:&quot;&quot;,&quot;right&quot;:&quot;&quot;,&quot;bottom&quot;:&quot;&quot;,&quot;left&quot;:&quot;&quot;,&quot;isLinked&quot;:true}}\" data-elementor-post-type=\"post\">\n\t\t\t\t<div class=\"elementor-element elementor-element-22018f5 e-flex e-con-boxed e-con e-parent\" data-id=\"22018f5\" data-element_type=\"container\" data-e-type=\"container\">\n\t\t\t\t\t<div class=\"e-con-inner\">\n\t\t\t\t<div class=\"elementor-element elementor-element-38d4186 elementor-widget-divider--view-line elementor-widget elementor-widget-divider\" data-id=\"38d4186\" data-element_type=\"widget\" data-e-type=\"widget\" data-widget_type=\"divider.default\">\n\t\t\t\t\t\t\t<div class=\"elementor-divider\">\n\t\t\t<span class=\"elementor-divider-separator\">\n\t\t\t\t\t\t<\/span>\n\t\t<\/div>\n\t\t\t\t\t\t<\/div>\n\t\t\t\t<div class=\"elementor-element elementor-element-fa9af63 elementor-widget elementor-widget-text-editor\" data-id=\"fa9af63\" data-element_type=\"widget\" data-e-type=\"widget\" data-widget_type=\"text-editor.default\">\n\t\t\t\t\t\t\t\t\t<p data-start=\"157\" data-end=\"436\"><a href=\"https:\/\/www.linkedin.com\/company\/10007779\/admin\/dashboard\/\">Global Zero Waste<\/a> contin\u00faa fortaleciendo su presencia en escenarios de sostenibilidad. En esta ocasi\u00f3n, participamos como <strong data-start=\"279\" data-end=\"324\">aliados estrat\u00e9gicos del <a href=\"https:\/\/www.linkedin.com\/company\/zero-waste-forum\/\">Zero Waste Forum<\/a><\/strong>, un espacio que re\u00fane a l\u00edderes y organizaciones comprometidas con la transici\u00f3n hacia una econom\u00eda circular.<\/p>\n<p data-start=\"438\" data-end=\"765\">Nuestra CEO, <a href=\"https:\/\/www.linkedin.com\/in\/sandra-pinz%C3%B3n-garc%C3%ADa-42186b9a\/\"><strong data-start=\"451\" data-end=\"468\">Sandra Pinz\u00f3n<\/strong><\/a>, nos represent\u00f3 en este importante foro mundial sobre sostenibilidad y gesti\u00f3n de residuos, realizado en <strong data-start=\"594\" data-end=\"615\">Estambul, Turqu\u00eda<\/strong>, consolidando alianzas y reafirmando nuestro compromiso con la implementaci\u00f3n de nuestro Est\u00e1ndar Zero Waste a nivel nacional e internacional.<\/p>\n<h2><strong>Un evento que conect\u00f3 continentes<\/strong><\/h2>\n<p><span style=\"font-weight: 400;\">Entre el 17 y el 19 de octubre de 2025, se llev\u00f3 a cabo en Estambul, Turqu\u00eda, el Zero Waste Forum, organizado por la Zero Waste Foundation bajo la presidencia de Emine Erdo\u011fan, Primera Dama de Turqu\u00eda.<\/span><\/p>\n<p><span style=\"font-weight: 400;\">Este foro internacional reuni\u00f3 a l\u00edderes, gobiernos y expertos en sostenibilidad para impulsar la cooperaci\u00f3n global en torno a la econom\u00eda circular y las estrategias de \u201cCero Residuos\u201d.<\/span><\/p>\n<p><span style=\"font-weight: 400;\">\ud83d\udcac <\/span><i><span style=\"font-weight: 400;\">\u201cNo tenemos una segunda agenda, solo una: Zero Waste.\u201d<\/span><\/i><i><span style=\"font-weight: 400;\"><br \/><\/span><\/i><span style=\"font-weight: 400;\"> \u2014 Samed A\u011f\u0131rba\u015f, palabras que \u2014como destac\u00f3 Sandra Pinz\u00f3n\u2014 resumieron el esp\u00edritu de este encuentro: la acci\u00f3n colectiva en torno a un prop\u00f3sito compartido.<\/span><\/p>\n<h2><strong>La voz de Global Zero Waste presente:<\/strong><\/h2>\n<p><span style=\"font-weight: 400;\">\ud83d\udcac <\/span><i><span style=\"font-weight: 400;\">\u201cEl poder no proviene \u00fanicamente de los recursos econ\u00f3micos, sino de la verdadera y genuina intenci\u00f3n de trascender, de dar pasos contundentes hacia soluciones tangibles.\u201d<\/span><\/i><span style=\"font-weight: 400;\"> \u2014 Sandra Pinz\u00f3n<\/span><\/p>\n<p><span style=\"font-weight: 400;\">Luego de tan importante foro, Sandra subray\u00f3 la importancia de la colaboraci\u00f3n como hoja de ruta, destacando que el movimiento Zero Waste no solo transforma modelos productivos, sino tambi\u00e9n las formas de pensar y de relacionarnos con el entorno.<\/span><\/p>\n<p><span style=\"font-weight: 400;\">\ud83d\udcac <\/span><i><span style=\"font-weight: 400;\">\u201cEn un contexto global, todas las voces cuentan, todas las acciones suman y todos tenemos un rol que desempe\u00f1ar.\u201d<\/span><\/i><span style=\"font-weight: 400;\"> \u2014 Sandra Pinz\u00f3n.<\/span><\/p>\t\t\t\t\t\t\t\t<\/div>\n\t\t\t\t\t<\/div>\n\t\t\t\t<\/div>\n\t\t<div class=\"elementor-element elementor-element-454609c e-flex e-con-boxed e-con e-parent\" data-id=\"454609c\" data-element_type=\"container\" data-e-type=\"container\">\n\t\t\t\t\t<div class=\"e-con-inner\">\n\t\t\t\t<div class=\"elementor-element elementor-element-6a5544d elementor-widget elementor-widget-image\" data-id=\"6a5544d\" data-element_type=\"widget\" data-e-type=\"widget\" data-widget_type=\"image.default\">\n\t\t\t\t\t\t\t\t\t\t\t\t\t\t\t<img fetchpriority=\"high\" decoding=\"async\" width=\"768\" height=\"500\" src=\"https:\/\/globalzerowaste.org\/wp-content\/uploads\/2025\/10\/1761134268982-768x500.jpeg\" class=\"attachment-medium_large size-medium_large wp-image-5911\" alt=\"\" srcset=\"https:\/\/globalzerowaste.org\/wp-content\/uploads\/2025\/10\/1761134268982-768x500.jpeg 768w, https:\/\/globalzerowaste.org\/wp-content\/uploads\/2025\/10\/1761134268982-300x195.jpeg 300w, https:\/\/globalzerowaste.org\/wp-content\/uploads\/2025\/10\/1761134268982-1024x667.jpeg 1024w, https:\/\/globalzerowaste.org\/wp-content\/uploads\/2025\/10\/1761134268982-1536x1000.jpeg 1536w, https:\/\/globalzerowaste.org\/wp-content\/uploads\/2025\/10\/1761134268982-18x12.jpeg 18w, https:\/\/globalzerowaste.org\/wp-content\/uploads\/2025\/10\/1761134268982.jpeg 1600w\" sizes=\"(max-width: 768px) 100vw, 768px\" \/>\t\t\t\t\t\t\t\t\t\t\t\t\t\t\t<\/div>\n\t\t\t\t<div class=\"elementor-element elementor-element-71fa8f9 elementor-widget elementor-widget-text-editor\" data-id=\"71fa8f9\" data-element_type=\"widget\" data-e-type=\"widget\" data-widget_type=\"text-editor.default\">\n\t\t\t\t\t\t\t\t\t<h2><strong>Alianzas internacionales<\/strong><\/h2><p><span style=\"font-weight: 400;\">Durante el foro, se consolidaron alianzas estrat\u00e9gicas con organizaciones globales, fortaleciendo los lazos de cooperaci\u00f3n entre Europa, Am\u00e9rica Latina y Asia para seguir avanzando hacia un futuro m\u00e1s sostenible y circular.<\/span><\/p><p><span style=\"font-weight: 400;\">\ud83d\udcac <\/span><i><span style=\"font-weight: 400;\">\u201cEl mapa de ruta es la colaboraci\u00f3n. Solo trabajando juntos podremos transformar la sostenibilidad en una acci\u00f3n medible y real.\u201d<\/span><\/i><span style=\"font-weight: 400;\"> \u2014 Sandra Pinz\u00f3n<\/span><\/p><h2><strong>Detalles del evento<\/strong><\/h2><p><span style=\"font-weight: 400;\">\ud83d\udccd Lugar: Estambul, Turqu\u00eda<\/span><span style=\"font-weight: 400;\"><br \/><\/span><span style=\"font-weight: 400;\"> \ud83d\udcc5 Fechas: 17 al 19 de octubre de 2025<\/span><span style=\"font-weight: 400;\"><br \/><\/span><span style=\"font-weight: 400;\"> \ud83c\udfdb Organiza: Zero Waste Foundation \u2013 Turqu\u00eda<\/span><span style=\"font-weight: 400;\"><br \/><\/span><span style=\"font-weight: 400;\"> \ud83d\udc69\u200d\ud83d\udcbc Invitada internacional: Sandra Pinz\u00f3n, CEO &amp; Founder de Global Zero Waste<\/span><span style=\"font-weight: 400;\"><br \/><\/span><span style=\"font-weight: 400;\"> \ud83c\udf10 M\u00e1s informaci\u00f3n:<\/span><a href=\"https:\/\/globalzerowasteforum.org\/\"> <span style=\"font-weight: 400;\">globalzerowasteforum.org<\/span><\/a><\/p><p><span style=\"font-weight: 400;\">La participaci\u00f3n de Global Zero Waste en el Zero Waste Forum 2025 represent\u00f3 un paso importante hacia la internacionalizaci\u00f3n de las soluciones circulares y el fortalecimiento de una red global de organizaciones comprometidas con un planeta sin residuos.<\/span><\/p><p><span style=\"font-weight: 400;\">\ud83d\udcac <\/span><i><span style=\"font-weight: 400;\">\u201cPoner a disposici\u00f3n todo el conocimiento, la experiencia y el compromiso de nuestra organizaci\u00f3n es nuestra manera de contribuir a una visi\u00f3n com\u00fan: un mundo verdaderamente Zero Waste.\u201d<\/span><\/i><span style=\"font-weight: 400;\"> \u2014 Sandra Pinz\u00f3n<\/span><\/p><p style=\"text-align: center;\"><strong>\ud83d\udd17 Sigue los momentos m\u00e1s destacados del evento en nuestras redes oficiales.<\/strong><\/p><p style=\"text-align: center;\"><span style=\"font-weight: 400;\"><br \/><\/span><strong> \ud83d\udcf2 <a href=\"https:\/\/www.instagram.com\/global.zerowaste\/\">Instagram<\/a> | <a href=\"https:\/\/www.linkedin.com\/company\/10007779\/admin\/dashboard\/\">LinkedIn<\/a><\/strong><\/p>\t\t\t\t\t\t\t\t<\/div>\n\t\t\t\t<div class=\"elementor-element elementor-element-d5fe3b2 elementor-button-align-stretch elementor-widget elementor-widget-form\" data-id=\"d5fe3b2\" data-element_type=\"widget\" data-e-type=\"widget\" data-settings=\"{&quot;step_next_label&quot;:&quot;Siguiente&quot;,&quot;step_previous_label&quot;:&quot;Anterior&quot;,&quot;button_width&quot;:&quot;100&quot;,&quot;step_type&quot;:&quot;number_text&quot;,&quot;step_icon_shape&quot;:&quot;circle&quot;}\" data-widget_type=\"form.default\">\n\t\t\t\t\t\t\t<form class=\"elementor-form\" method=\"post\" name=\"Foro Estambul\" aria-label=\"Foro Estambul\">\n\t\t\t<input type=\"hidden\" name=\"post_id\" value=\"5880\"\/>\n\t\t\t<input type=\"hidden\" name=\"form_id\" value=\"d5fe3b2\"\/>\n\t\t\t<input type=\"hidden\" name=\"referer_title\" value=\"Global Zero Waste: expansi\u00f3n y liderazgo internacional en el Zero Waste Forum - Global Zero Waste \/ Basura Cero Global\" \/>\n\n\t\t\t\t\t\t\t<input type=\"hidden\" name=\"queried_id\" value=\"5880\"\/>\n\t\t\t\n\t\t\t<div class=\"elementor-form-fields-wrapper elementor-labels-above\">\n\t\t\t\t\t\t\t\t<div class=\"elementor-field-type-text elementor-field-group elementor-column elementor-field-group-name elementor-col-100\">\n\t\t\t\t\t\t\t\t\t\t\t\t<label for=\"form-field-name\" class=\"elementor-field-label\">\n\t\t\t\t\t\t\t\tNombre\t\t\t\t\t\t\t<\/label>\n\t\t\t\t\t\t\t\t\t\t\t\t\t\t<input size=\"1\" type=\"text\" name=\"form_fields[name]\" id=\"form-field-name\" class=\"elementor-field elementor-size-sm  elementor-field-textual\" placeholder=\"Nombre\">\n\t\t\t\t\t\t\t\t\t\t\t<\/div>\n\t\t\t\t\t\t\t\t<div class=\"elementor-field-type-email elementor-field-group elementor-column elementor-field-group-email elementor-col-100 elementor-field-required\">\n\t\t\t\t\t\t\t\t\t\t\t\t<label for=\"form-field-email\" class=\"elementor-field-label\">\n\t\t\t\t\t\t\t\tCorreo electr\u00f3nico\t\t\t\t\t\t\t<\/label>\n\t\t\t\t\t\t\t\t\t\t\t\t\t\t<input size=\"1\" type=\"email\" name=\"form_fields[email]\" id=\"form-field-email\" class=\"elementor-field elementor-size-sm  elementor-field-textual\" placeholder=\"Correo electr\u00f3nico\" required=\"required\">\n\t\t\t\t\t\t\t\t\t\t\t<\/div>\n\t\t\t\t\t\t\t\t<div class=\"elementor-field-type-textarea elementor-field-group elementor-column elementor-field-group-message elementor-col-100\">\n\t\t\t\t\t\t\t\t\t\t\t\t<label for=\"form-field-message\" class=\"elementor-field-label\">\n\t\t\t\t\t\t\t\tMensaje\t\t\t\t\t\t\t<\/label>\n\t\t\t\t\t\t<textarea class=\"elementor-field-textual elementor-field  elementor-size-sm\" name=\"form_fields[message]\" id=\"form-field-message\" rows=\"4\" placeholder=\"Mensaje\"><\/textarea>\t\t\t\t<\/div>\n\t\t\t\t\t\t\t\t<div class=\"elementor-field-group elementor-column elementor-field-type-submit elementor-col-100 e-form__buttons\">\n\t\t\t\t\t<button class=\"elementor-button elementor-size-sm\" type=\"submit\">\n\t\t\t\t\t\t<span class=\"elementor-button-content-wrapper\">\n\t\t\t\t\t\t\t\t\t\t\t\t\t\t\t\t\t\t\t\t\t\t<span class=\"elementor-button-text\">Enviar<\/span>\n\t\t\t\t\t\t\t\t\t\t\t\t\t<\/span>\n\t\t\t\t\t<\/button>\n\t\t\t\t<\/div>\n\t\t\t<\/div>\n\t\t<\/form>\n\t\t\t\t\t\t<\/div>\n\t\t\t\t\t<\/div>\n\t\t\t\t<\/div>\n\t\t\t\t<\/div>\n\t\t","protected":false},"excerpt":{"rendered":"<p>Tres organizaciones demuestran que la sostenibilidad empresarial s\u00ed es posible Lorem ipsum dolor sit amet, consectetur adipiscing elit. Ut elit tellus, luctus nec ullamcorper mattis, pulvinar dapibus leo. Lorem ipsum dolor sit amet, consectetur adipiscing elit. Ut elit tellus, luctus nec ullamcorper mattis, pulvinar dapibus leo. Lorem ipsum dolor sit amet, consectetur adipiscing elit. Ut [&hellip;]<\/p>\n","protected":false},"author":5,"featured_media":5888,"comment_status":"closed","ping_status":"closed","sticky":false,"template":"","format":"standard","meta":{"content-type":"","_joinchat":[],"footnotes":""},"categories":[22,10,21],"tags":[],"class_list":["post-5880","post","type-post","status-publish","format-standard","has-post-thumbnail","hentry","category-economia_circular","category-noticias","category-sgzw"],"yoast_head":"<!-- This site is optimized with the Yoast SEO plugin v27.5 - https:\/\/yoast.com\/product\/yoast-seo-wordpress\/ -->\n<title>Global Zero Waste: expansi\u00f3n y liderazgo internacional en el Zero Waste Forum - Global Zero Waste \/ Basura Cero Global<\/title>\n<meta name=\"description\" content=\"SGZW Global Zero Waste: expansi\u00f3n y liderazgo internacional en el Zero Waste Forum - Global Zero Waste \/ Basura Cero Global\" \/>\n<meta name=\"robots\" content=\"index, follow, max-snippet:-1, max-image-preview:large, max-video-preview:-1\" \/>\n<link rel=\"canonical\" href=\"https:\/\/globalzerowaste.org\/en\/global-zero-waste-at-the-zero-waste-forum-2025\/\" \/>\n<meta property=\"og:locale\" content=\"en_US\" \/>\n<meta property=\"og:type\" content=\"article\" \/>\n<meta property=\"og:title\" content=\"Global Zero Waste: expansi\u00f3n y liderazgo internacional en el Zero Waste Forum - Global Zero Waste \/ Basura Cero Global\" \/>\n<meta property=\"og:description\" content=\"SGZW Global Zero Waste: expansi\u00f3n y liderazgo internacional en el Zero Waste Forum - Global Zero Waste \/ Basura Cero Global\" \/>\n<meta property=\"og:url\" content=\"https:\/\/globalzerowaste.org\/en\/global-zero-waste-at-the-zero-waste-forum-2025\/\" \/>\n<meta property=\"og:site_name\" content=\"Global Zero Waste \/ Basura Cero Global\" \/>\n<meta property=\"article:publisher\" content=\"https:\/\/www.facebook.com\/globalzerowasteGZW\" \/>\n<meta property=\"article:published_time\" content=\"2025-10-22T02:17:17+00:00\" \/>\n<meta property=\"article:modified_time\" content=\"2026-01-05T20:58:03+00:00\" \/>\n<meta property=\"og:image\" content=\"https:\/\/globalzerowaste.org\/wp-content\/uploads\/2025\/10\/IMG_6545-x2-scaled.jpg\" \/>\n\t<meta property=\"og:image:width\" content=\"2048\" \/>\n\t<meta property=\"og:image:height\" content=\"1907\" \/>\n\t<meta property=\"og:image:type\" content=\"image\/jpeg\" \/>\n<meta name=\"author\" content=\"Diego Romero\" \/>\n<meta name=\"twitter:card\" content=\"summary_large_image\" \/>\n<meta name=\"twitter:creator\" content=\"@basuraceroglob\" \/>\n<meta name=\"twitter:site\" content=\"@basuraceroglob\" \/>\n<meta name=\"twitter:label1\" content=\"Written by\" \/>\n\t<meta name=\"twitter:data1\" content=\"Diego Romero\" \/>\n\t<meta name=\"twitter:label2\" content=\"Est. reading time\" \/>\n\t<meta name=\"twitter:data2\" content=\"3 minutes\" \/>\n<script type=\"application\/ld+json\" class=\"yoast-schema-graph\">{\"@context\":\"https:\\\/\\\/schema.org\",\"@graph\":[{\"@type\":\"Article\",\"@id\":\"https:\\\/\\\/globalzerowaste.org\\\/global-zero-waste-en-el-zero-waste-forum-2025\\\/#article\",\"isPartOf\":{\"@id\":\"https:\\\/\\\/globalzerowaste.org\\\/global-zero-waste-en-el-zero-waste-forum-2025\\\/\"},\"author\":{\"name\":\"Diego Romero\",\"@id\":\"https:\\\/\\\/globalzerowaste.org\\\/#\\\/schema\\\/person\\\/5964e9b3591282df75f5643b4e777435\"},\"headline\":\"Global Zero Waste: expansi\u00f3n y liderazgo internacional en el Zero Waste Forum\",\"datePublished\":\"2025-10-22T02:17:17+00:00\",\"dateModified\":\"2026-01-05T20:58:03+00:00\",\"mainEntityOfPage\":{\"@id\":\"https:\\\/\\\/globalzerowaste.org\\\/global-zero-waste-en-el-zero-waste-forum-2025\\\/\"},\"wordCount\":80,\"publisher\":{\"@id\":\"https:\\\/\\\/globalzerowaste.org\\\/#organization\"},\"image\":{\"@id\":\"https:\\\/\\\/globalzerowaste.org\\\/global-zero-waste-en-el-zero-waste-forum-2025\\\/#primaryimage\"},\"thumbnailUrl\":\"https:\\\/\\\/globalzerowaste.org\\\/wp-content\\\/uploads\\\/2025\\\/10\\\/IMG_6545-x2-scaled.jpg\",\"articleSection\":[\"Econom\u00eda circular\",\"Noticias\",\"SGZW\"],\"inLanguage\":\"en-US\"},{\"@type\":\"WebPage\",\"@id\":\"https:\\\/\\\/globalzerowaste.org\\\/global-zero-waste-en-el-zero-waste-forum-2025\\\/\",\"url\":\"https:\\\/\\\/globalzerowaste.org\\\/global-zero-waste-en-el-zero-waste-forum-2025\\\/\",\"name\":\"Global Zero Waste: expansi\u00f3n y liderazgo internacional en el Zero Waste Forum - Global Zero Waste \\\/ Basura Cero Global\",\"isPartOf\":{\"@id\":\"https:\\\/\\\/globalzerowaste.org\\\/#website\"},\"primaryImageOfPage\":{\"@id\":\"https:\\\/\\\/globalzerowaste.org\\\/global-zero-waste-en-el-zero-waste-forum-2025\\\/#primaryimage\"},\"image\":{\"@id\":\"https:\\\/\\\/globalzerowaste.org\\\/global-zero-waste-en-el-zero-waste-forum-2025\\\/#primaryimage\"},\"thumbnailUrl\":\"https:\\\/\\\/globalzerowaste.org\\\/wp-content\\\/uploads\\\/2025\\\/10\\\/IMG_6545-x2-scaled.jpg\",\"datePublished\":\"2025-10-22T02:17:17+00:00\",\"dateModified\":\"2026-01-05T20:58:03+00:00\",\"description\":\"SGZW Global Zero Waste: expansi\u00f3n y liderazgo internacional en el Zero Waste Forum - Global Zero Waste \\\/ Basura Cero Global\",\"breadcrumb\":{\"@id\":\"https:\\\/\\\/globalzerowaste.org\\\/global-zero-waste-en-el-zero-waste-forum-2025\\\/#breadcrumb\"},\"inLanguage\":\"en-US\",\"potentialAction\":[{\"@type\":\"ReadAction\",\"target\":[\"https:\\\/\\\/globalzerowaste.org\\\/global-zero-waste-en-el-zero-waste-forum-2025\\\/\"]}]},{\"@type\":\"ImageObject\",\"inLanguage\":\"en-US\",\"@id\":\"https:\\\/\\\/globalzerowaste.org\\\/global-zero-waste-en-el-zero-waste-forum-2025\\\/#primaryimage\",\"url\":\"https:\\\/\\\/globalzerowaste.org\\\/wp-content\\\/uploads\\\/2025\\\/10\\\/IMG_6545-x2-scaled.jpg\",\"contentUrl\":\"https:\\\/\\\/globalzerowaste.org\\\/wp-content\\\/uploads\\\/2025\\\/10\\\/IMG_6545-x2-scaled.jpg\",\"width\":2048,\"height\":1907},{\"@type\":\"BreadcrumbList\",\"@id\":\"https:\\\/\\\/globalzerowaste.org\\\/global-zero-waste-en-el-zero-waste-forum-2025\\\/#breadcrumb\",\"itemListElement\":[{\"@type\":\"ListItem\",\"position\":1,\"name\":\"Inicio\",\"item\":\"https:\\\/\\\/globalzerowaste.org\\\/\"},{\"@type\":\"ListItem\",\"position\":2,\"name\":\"SGZW\",\"item\":\"https:\\\/\\\/globalzerowaste.org\\\/category\\\/sgzw\\\/\"},{\"@type\":\"ListItem\",\"position\":3,\"name\":\"Global Zero Waste: expansi\u00f3n y liderazgo internacional en el Zero Waste Forum\"}]},{\"@type\":\"WebSite\",\"@id\":\"https:\\\/\\\/globalzerowaste.org\\\/#website\",\"url\":\"https:\\\/\\\/globalzerowaste.org\\\/\",\"name\":\"Global Zero Waste\",\"description\":\"Reducimos costos de materiales y residuos en todo tipo de organizaciones a nivel global. Expertos en Econom\u00eda Circular, Zero Waste y Sostenibilidad en gesti\u00f3n de materiales y residuos s\u00f3lidos (basura cero, residuo cero)\",\"publisher\":{\"@id\":\"https:\\\/\\\/globalzerowaste.org\\\/#organization\"},\"alternateName\":\"GZW - Basura Cero Global\",\"potentialAction\":[{\"@type\":\"SearchAction\",\"target\":{\"@type\":\"EntryPoint\",\"urlTemplate\":\"https:\\\/\\\/globalzerowaste.org\\\/?s={search_term_string}\"},\"query-input\":{\"@type\":\"PropertyValueSpecification\",\"valueRequired\":true,\"valueName\":\"search_term_string\"}}],\"inLanguage\":\"en-US\"},{\"@type\":\"Organization\",\"@id\":\"https:\\\/\\\/globalzerowaste.org\\\/#organization\",\"name\":\"Global Zero Waste\",\"alternateName\":\"GZW - Basura Cero Global\",\"url\":\"https:\\\/\\\/globalzerowaste.org\\\/\",\"logo\":{\"@type\":\"ImageObject\",\"inLanguage\":\"en-US\",\"@id\":\"https:\\\/\\\/globalzerowaste.org\\\/#\\\/schema\\\/logo\\\/image\\\/\",\"url\":\"https:\\\/\\\/globalzerowaste.org\\\/wp-content\\\/uploads\\\/2023\\\/09\\\/Logo-Global-Zero-Waste-sin-bordes.png\",\"contentUrl\":\"https:\\\/\\\/globalzerowaste.org\\\/wp-content\\\/uploads\\\/2023\\\/09\\\/Logo-Global-Zero-Waste-sin-bordes.png\",\"width\":1800,\"height\":689,\"caption\":\"Global Zero Waste\"},\"image\":{\"@id\":\"https:\\\/\\\/globalzerowaste.org\\\/#\\\/schema\\\/logo\\\/image\\\/\"},\"sameAs\":[\"https:\\\/\\\/www.facebook.com\\\/globalzerowasteGZW\",\"https:\\\/\\\/x.com\\\/basuraceroglob\",\"https:\\\/\\\/www.linkedin.com\\\/company\\\/globalzerowaste\\\/posts\\\/?feedView=all\",\"https:\\\/\\\/www.instagram.com\\\/global.zerowaste\\\/\",\"https:\\\/\\\/www.youtube.com\\\/@GlobalZeroWaste\"]},{\"@type\":\"Person\",\"@id\":\"https:\\\/\\\/globalzerowaste.org\\\/#\\\/schema\\\/person\\\/5964e9b3591282df75f5643b4e777435\",\"name\":\"Diego Romero\",\"image\":{\"@type\":\"ImageObject\",\"inLanguage\":\"en-US\",\"@id\":\"https:\\\/\\\/secure.gravatar.com\\\/avatar\\\/17999e1fb74f3ad533acecf94c2ba947f29e55e14efc9eb23ad9789630fc650f?s=96&d=mm&r=g\",\"url\":\"https:\\\/\\\/secure.gravatar.com\\\/avatar\\\/17999e1fb74f3ad533acecf94c2ba947f29e55e14efc9eb23ad9789630fc650f?s=96&d=mm&r=g\",\"contentUrl\":\"https:\\\/\\\/secure.gravatar.com\\\/avatar\\\/17999e1fb74f3ad533acecf94c2ba947f29e55e14efc9eb23ad9789630fc650f?s=96&d=mm&r=g\",\"caption\":\"Diego Romero\"},\"url\":\"https:\\\/\\\/globalzerowaste.org\\\/en\\\/author\\\/dromero\\\/\"}]}<\/script>\n<!-- \/ Yoast SEO plugin. -->","yoast_head_json":{"title":"Global Zero Waste: expansion and international leadership at the Zero Waste Forum - Global Zero Waste \/ Basura Cero Global","description":"Global Zero Waste: expansion and international leadership at the Zero Waste Forum - Global Zero Waste \/ Basura Cero Global","robots":{"index":"index","follow":"follow","max-snippet":"max-snippet:-1","max-image-preview":"max-image-preview:large","max-video-preview":"max-video-preview:-1"},"canonical":"https:\/\/globalzerowaste.org\/en\/global-zero-waste-at-the-zero-waste-forum-2025\/","og_locale":"en_US","og_type":"article","og_title":"Global Zero Waste: expansi\u00f3n y liderazgo internacional en el Zero Waste Forum - Global Zero Waste \/ Basura Cero Global","og_description":"SGZW Global Zero Waste: expansi\u00f3n y liderazgo internacional en el Zero Waste Forum - Global Zero Waste \/ Basura Cero Global","og_url":"https:\/\/globalzerowaste.org\/en\/global-zero-waste-at-the-zero-waste-forum-2025\/","og_site_name":"Global Zero Waste \/ Basura Cero Global","article_publisher":"https:\/\/www.facebook.com\/globalzerowasteGZW","article_published_time":"2025-10-22T02:17:17+00:00","article_modified_time":"2026-01-05T20:58:03+00:00","og_image":[{"width":2048,"height":1907,"url":"https:\/\/globalzerowaste.org\/wp-content\/uploads\/2025\/10\/IMG_6545-x2-scaled.jpg","type":"image\/jpeg"}],"author":"Diego Romero","twitter_card":"summary_large_image","twitter_creator":"@basuraceroglob","twitter_site":"@basuraceroglob","twitter_misc":{"Written by":"Diego Romero","Est. reading time":"3 minutes"},"schema":{"@context":"https:\/\/schema.org","@graph":[{"@type":"Article","@id":"https:\/\/globalzerowaste.org\/global-zero-waste-en-el-zero-waste-forum-2025\/#article","isPartOf":{"@id":"https:\/\/globalzerowaste.org\/global-zero-waste-en-el-zero-waste-forum-2025\/"},"author":{"name":"Diego Romero","@id":"https:\/\/globalzerowaste.org\/#\/schema\/person\/5964e9b3591282df75f5643b4e777435"},"headline":"Global Zero Waste: expansi\u00f3n y liderazgo internacional en el Zero Waste Forum","datePublished":"2025-10-22T02:17:17+00:00","dateModified":"2026-01-05T20:58:03+00:00","mainEntityOfPage":{"@id":"https:\/\/globalzerowaste.org\/global-zero-waste-en-el-zero-waste-forum-2025\/"},"wordCount":80,"publisher":{"@id":"https:\/\/globalzerowaste.org\/#organization"},"image":{"@id":"https:\/\/globalzerowaste.org\/global-zero-waste-en-el-zero-waste-forum-2025\/#primaryimage"},"thumbnailUrl":"https:\/\/globalzerowaste.org\/wp-content\/uploads\/2025\/10\/IMG_6545-x2-scaled.jpg","articleSection":["Econom\u00eda circular","Noticias","SGZW"],"inLanguage":"en-US"},{"@type":"WebPage","@id":"https:\/\/globalzerowaste.org\/global-zero-waste-en-el-zero-waste-forum-2025\/","url":"https:\/\/globalzerowaste.org\/global-zero-waste-en-el-zero-waste-forum-2025\/","name":"Global Zero Waste: expansion and international leadership at the Zero Waste Forum - Global Zero Waste \/ Basura Cero Global","isPartOf":{"@id":"https:\/\/globalzerowaste.org\/#website"},"primaryImageOfPage":{"@id":"https:\/\/globalzerowaste.org\/global-zero-waste-en-el-zero-waste-forum-2025\/#primaryimage"},"image":{"@id":"https:\/\/globalzerowaste.org\/global-zero-waste-en-el-zero-waste-forum-2025\/#primaryimage"},"thumbnailUrl":"https:\/\/globalzerowaste.org\/wp-content\/uploads\/2025\/10\/IMG_6545-x2-scaled.jpg","datePublished":"2025-10-22T02:17:17+00:00","dateModified":"2026-01-05T20:58:03+00:00","description":"Global Zero Waste: expansion and international leadership at the Zero Waste Forum - Global Zero Waste \/ Basura Cero Global","breadcrumb":{"@id":"https:\/\/globalzerowaste.org\/global-zero-waste-en-el-zero-waste-forum-2025\/#breadcrumb"},"inLanguage":"en-US","potentialAction":[{"@type":"ReadAction","target":["https:\/\/globalzerowaste.org\/global-zero-waste-en-el-zero-waste-forum-2025\/"]}]},{"@type":"ImageObject","inLanguage":"en-US","@id":"https:\/\/globalzerowaste.org\/global-zero-waste-en-el-zero-waste-forum-2025\/#primaryimage","url":"https:\/\/globalzerowaste.org\/wp-content\/uploads\/2025\/10\/IMG_6545-x2-scaled.jpg","contentUrl":"https:\/\/globalzerowaste.org\/wp-content\/uploads\/2025\/10\/IMG_6545-x2-scaled.jpg","width":2048,"height":1907},{"@type":"BreadcrumbList","@id":"https:\/\/globalzerowaste.org\/global-zero-waste-en-el-zero-waste-forum-2025\/#breadcrumb","itemListElement":[{"@type":"ListItem","position":1,"name":"Inicio","item":"https:\/\/globalzerowaste.org\/"},{"@type":"ListItem","position":2,"name":"SGZW","item":"https:\/\/globalzerowaste.org\/category\/sgzw\/"},{"@type":"ListItem","position":3,"name":"Global Zero Waste: expansi\u00f3n y liderazgo internacional en el Zero Waste Forum"}]},{"@type":"WebSite","@id":"https:\/\/globalzerowaste.org\/#website","url":"https:\/\/globalzerowaste.org\/","name":"Global Zero Waste","description":"We reduce material and waste costs in all types of organizations globally. Experts in Circular Economy, Zero Waste and Sustainability in materials and solid waste management (zero waste, zero residue).","publisher":{"@id":"https:\/\/globalzerowaste.org\/#organization"},"alternateName":"GZW - Basura Cero Global","potentialAction":[{"@type":"SearchAction","target":{"@type":"EntryPoint","urlTemplate":"https:\/\/globalzerowaste.org\/?s={search_term_string}"},"query-input":{"@type":"PropertyValueSpecification","valueRequired":true,"valueName":"search_term_string"}}],"inLanguage":"en-US"},{"@type":"Organization","@id":"https:\/\/globalzerowaste.org\/#organization","name":"Global Zero Waste","alternateName":"GZW - Basura Cero Global","url":"https:\/\/globalzerowaste.org\/","logo":{"@type":"ImageObject","inLanguage":"en-US","@id":"https:\/\/globalzerowaste.org\/#\/schema\/logo\/image\/","url":"https:\/\/globalzerowaste.org\/wp-content\/uploads\/2023\/09\/Logo-Global-Zero-Waste-sin-bordes.png","contentUrl":"https:\/\/globalzerowaste.org\/wp-content\/uploads\/2023\/09\/Logo-Global-Zero-Waste-sin-bordes.png","width":1800,"height":689,"caption":"Global Zero Waste"},"image":{"@id":"https:\/\/globalzerowaste.org\/#\/schema\/logo\/image\/"},"sameAs":["https:\/\/www.facebook.com\/globalzerowasteGZW","https:\/\/x.com\/basuraceroglob","https:\/\/www.linkedin.com\/company\/globalzerowaste\/posts\/?feedView=all","https:\/\/www.instagram.com\/global.zerowaste\/","https:\/\/www.youtube.com\/@GlobalZeroWaste"]},{"@type":"Person","@id":"https:\/\/globalzerowaste.org\/#\/schema\/person\/5964e9b3591282df75f5643b4e777435","name":"Diego Romero","image":{"@type":"ImageObject","inLanguage":"en-US","@id":"https:\/\/secure.gravatar.com\/avatar\/17999e1fb74f3ad533acecf94c2ba947f29e55e14efc9eb23ad9789630fc650f?s=96&d=mm&r=g","url":"https:\/\/secure.gravatar.com\/avatar\/17999e1fb74f3ad533acecf94c2ba947f29e55e14efc9eb23ad9789630fc650f?s=96&d=mm&r=g","contentUrl":"https:\/\/secure.gravatar.com\/avatar\/17999e1fb74f3ad533acecf94c2ba947f29e55e14efc9eb23ad9789630fc650f?s=96&d=mm&r=g","caption":"Diego Romero"},"url":"https:\/\/globalzerowaste.org\/en\/author\/dromero\/"}]}},"_links":{"self":[{"href":"https:\/\/globalzerowaste.org\/en\/wp-json\/wp\/v2\/posts\/5880","targetHints":{"allow":["GET"]}}],"collection":[{"href":"https:\/\/globalzerowaste.org\/en\/wp-json\/wp\/v2\/posts"}],"about":[{"href":"https:\/\/globalzerowaste.org\/en\/wp-json\/wp\/v2\/types\/post"}],"author":[{"embeddable":true,"href":"https:\/\/globalzerowaste.org\/en\/wp-json\/wp\/v2\/users\/5"}],"replies":[{"embeddable":true,"href":"https:\/\/globalzerowaste.org\/en\/wp-json\/wp\/v2\/comments?post=5880"}],"version-history":[{"count":11,"href":"https:\/\/globalzerowaste.org\/en\/wp-json\/wp\/v2\/posts\/5880\/revisions"}],"predecessor-version":[{"id":6114,"href":"https:\/\/globalzerowaste.org\/en\/wp-json\/wp\/v2\/posts\/5880\/revisions\/6114"}],"wp:featuredmedia":[{"embeddable":true,"href":"https:\/\/globalzerowaste.org\/en\/wp-json\/wp\/v2\/media\/5888"}],"wp:attachment":[{"href":"https:\/\/globalzerowaste.org\/en\/wp-json\/wp\/v2\/media?parent=5880"}],"wp:term":[{"taxonomy":"category","embeddable":true,"href":"https:\/\/globalzerowaste.org\/en\/wp-json\/wp\/v2\/categories?post=5880"},{"taxonomy":"post_tag","embeddable":true,"href":"https:\/\/globalzerowaste.org\/en\/wp-json\/wp\/v2\/tags?post=5880"}],"curies":[{"name":"wp","href":"https:\/\/api.w.org\/{rel}","templated":true}]}}