{"id":5418,"date":"2025-07-10T19:02:47","date_gmt":"2025-07-10T19:02:47","guid":{"rendered":"https:\/\/globalzerowaste.org\/?p=5418"},"modified":"2025-07-10T20:30:26","modified_gmt":"2025-07-10T20:30:26","slug":"comfenalco-quindio-lideranca-social-e-ambiental-do-coracao-da-regiao-cafeeira-primeiro-fundo-de-compensacao-familiar-certificado-em-desperdicio-zero","status":"publish","type":"post","link":"https:\/\/globalzerowaste.org\/pt\/comfenalco-quindio-liderazgo-social-y-ambiental-desde-el-corazon-del-eje-cafetero-primera-caja-de-compensacion-familiar-certificada-en-zero-waste\/","title":{"rendered":"Comfenalco Quind\u00edo: Lideran\u00e7a social e ambiental do cora\u00e7\u00e3o do Eje Cafetero Primeiro Fundo de Compensa\u00e7\u00e3o Familiar certificado em Desperd\u00edcio Zero"},"content":{"rendered":"<div data-elementor-type=\"wp-post\" data-elementor-id=\"5418\" class=\"elementor elementor-5418\" data-elementor-settings=\"{&quot;element_pack_global_tooltip_width&quot;:{&quot;unit&quot;:&quot;px&quot;,&quot;size&quot;:117,&quot;sizes&quot;:[]},&quot;element_pack_global_tooltip_width_tablet&quot;:{&quot;unit&quot;:&quot;px&quot;,&quot;size&quot;:&quot;&quot;,&quot;sizes&quot;:[]},&quot;element_pack_global_tooltip_width_mobile&quot;:{&quot;unit&quot;:&quot;px&quot;,&quot;size&quot;:&quot;&quot;,&quot;sizes&quot;:[]},&quot;element_pack_global_tooltip_padding&quot;:{&quot;unit&quot;:&quot;px&quot;,&quot;top&quot;:&quot;&quot;,&quot;right&quot;:&quot;&quot;,&quot;bottom&quot;:&quot;&quot;,&quot;left&quot;:&quot;&quot;,&quot;isLinked&quot;:true},&quot;element_pack_global_tooltip_padding_tablet&quot;:{&quot;unit&quot;:&quot;px&quot;,&quot;top&quot;:&quot;&quot;,&quot;right&quot;:&quot;&quot;,&quot;bottom&quot;:&quot;&quot;,&quot;left&quot;:&quot;&quot;,&quot;isLinked&quot;:true},&quot;element_pack_global_tooltip_padding_mobile&quot;:{&quot;unit&quot;:&quot;px&quot;,&quot;top&quot;:&quot;&quot;,&quot;right&quot;:&quot;&quot;,&quot;bottom&quot;:&quot;&quot;,&quot;left&quot;:&quot;&quot;,&quot;isLinked&quot;:true},&quot;element_pack_global_tooltip_border_radius&quot;:{&quot;unit&quot;:&quot;px&quot;,&quot;top&quot;:&quot;&quot;,&quot;right&quot;:&quot;&quot;,&quot;bottom&quot;:&quot;&quot;,&quot;left&quot;:&quot;&quot;,&quot;isLinked&quot;:true},&quot;element_pack_global_tooltip_border_radius_tablet&quot;:{&quot;unit&quot;:&quot;px&quot;,&quot;top&quot;:&quot;&quot;,&quot;right&quot;:&quot;&quot;,&quot;bottom&quot;:&quot;&quot;,&quot;left&quot;:&quot;&quot;,&quot;isLinked&quot;:true},&quot;element_pack_global_tooltip_border_radius_mobile&quot;:{&quot;unit&quot;:&quot;px&quot;,&quot;top&quot;:&quot;&quot;,&quot;right&quot;:&quot;&quot;,&quot;bottom&quot;:&quot;&quot;,&quot;left&quot;:&quot;&quot;,&quot;isLinked&quot;:true}}\" data-elementor-post-type=\"post\">\n\t\t\t\t<div class=\"elementor-element elementor-element-22018f5 e-flex e-con-boxed e-con e-parent\" data-id=\"22018f5\" data-element_type=\"container\" data-e-type=\"container\">\n\t\t\t\t\t<div class=\"e-con-inner\">\n\t\t\t\t<div class=\"elementor-element elementor-element-38d4186 elementor-widget-divider--view-line elementor-widget elementor-widget-divider\" data-id=\"38d4186\" data-element_type=\"widget\" data-e-type=\"widget\" data-widget_type=\"divider.default\">\n\t\t\t\t\t\t\t<div class=\"elementor-divider\">\n\t\t\t<span class=\"elementor-divider-separator\">\n\t\t\t\t\t\t<\/span>\n\t\t<\/div>\n\t\t\t\t\t\t<\/div>\n\t\t\t\t<div class=\"elementor-element elementor-element-fd4f856 elementor-widget elementor-widget-text-editor\" data-id=\"fd4f856\" data-element_type=\"widget\" data-e-type=\"widget\" data-widget_type=\"text-editor.default\">\n\t\t\t\t\t\t\t\t\t<p style=\"text-align: left;\">Por quase cinco d\u00e9cadas, <a href=\"https:\/\/comfenalcoquindio.com\/\">Comfenalco Quind\u00edo<\/a> tem trabalhado para o bem-estar dos trabalhadores e de suas fam\u00edlias na regi\u00e3o cafeeira, posicionando-se como uma institui\u00e7\u00e3o aliada ao desenvolvimento social. Hoje, tamb\u00e9m est\u00e1 consolidando sua posi\u00e7\u00e3o como refer\u00eancia em sustentabilidade ao se tornar o primeiro Fundo de Compensa\u00e7\u00e3o Familiar do pa\u00eds a ser certificado com o Selo Ouro na Norma Internacional Zero Waste Management System, concedida pela <a href=\"https:\/\/www.linkedin.com\/company\/icontec\/posts\/?feedView=all\">Icontec<\/a> apoiado por <a href=\"https:\/\/www.linkedin.com\/company\/10007779\/admin\/dashboard\/\">Global Zero Waste.<\/a><\/p><p><strong>Transformando a partir da raiz<\/strong><\/p><p>Em 2019, <a href=\"https:\/\/comfenalcoquindio.com\/\">Comfenalco Quind\u00edo<\/a> deu um passo decisivo em dire\u00e7\u00e3o \u00e0 sustentabilidade ao integrar o Sistema de Gerenciamento de Res\u00edduos Zero em sua estrat\u00e9gia corporativa. Por meio de um rigoroso processo de treinamento, implementa\u00e7\u00e3o e melhoria cont\u00ednua, a organiza\u00e7\u00e3o obteve a Certifica\u00e7\u00e3o Gold em fevereiro de 2023. Esse compromisso n\u00e3o apenas reduziu significativamente seu impacto ambiental, mas tamb\u00e9m promoveu uma profunda transforma\u00e7\u00e3o em sua cultura organizacional e na forma como opera.<\/p><p>Gra\u00e7as a esse compromisso, a entidade alcan\u00e7ou at\u00e9 2024 uma meta de <strong>taxa de utiliza\u00e7\u00e3o de 84,2%<\/strong> e impediu o envio de <strong>239,3 toneladas de res\u00edduos destinados a aterros sanit\u00e1rios<\/strong>. Isso se traduz n\u00e3o apenas em benef\u00edcios ambientais, mas tamb\u00e9m em impactos econ\u00f4micos concretos:<\/p><ul><li>Economia de mais de <strong>US$ 43.000<\/strong>A empresa conseguiu reduzir a compra de papel, embalagens de uso \u00fanico e taxas de limpeza.<\/li><li>87.1% redu\u00e7\u00e3o do uso de toalhas descart\u00e1veis.<\/li><li>22,6% redu\u00e7\u00e3o no consumo de resmas de papel.<\/li><\/ul>\t\t\t\t\t\t\t\t<\/div>\n\t\t\t\t<div class=\"elementor-element elementor-element-c929ad2 elementor-widget elementor-widget-video\" data-id=\"c929ad2\" data-element_type=\"widget\" data-e-type=\"widget\" data-settings=\"{&quot;youtube_url&quot;:&quot;https:\\\/\\\/youtu.be\\\/wXbMdift7A0?si=YgUbhKF1lvOP81FJ&quot;,&quot;video_type&quot;:&quot;youtube&quot;,&quot;controls&quot;:&quot;yes&quot;}\" data-widget_type=\"video.default\">\n\t\t\t\t\t\t\t<div class=\"elementor-wrapper elementor-open-inline\">\n\t\t\t<div class=\"elementor-video\"><\/div>\t\t<\/div>\n\t\t\t\t\t\t<\/div>\n\t\t\t\t<div class=\"elementor-element elementor-element-92621c7 elementor-widget elementor-widget-text-editor\" data-id=\"92621c7\" data-element_type=\"widget\" data-e-type=\"widget\" data-widget_type=\"text-editor.default\">\n\t\t\t\t\t\t\t\t\t<p><strong>Educa\u00e7\u00e3o, biodiversidade e inova\u00e7\u00e3o sustent\u00e1vel<\/strong><\/p><p>Al\u00e9m da gest\u00e3o de res\u00edduos, a Comfenalco fortaleceu suas a\u00e7\u00f5es de gest\u00e3o de res\u00edduos. <strong>educa\u00e7\u00e3o ambiental<\/strong> e prote\u00e7\u00e3o do <strong>biodiversidade<\/strong>expandindo seu impacto na regi\u00e3o. Sua lideran\u00e7a foi reconhecida com v\u00e1rios pr\u00eamios, incluindo:<\/p><ul><li><a href=\"https:\/\/revistaasisomos.com\/articulo-01-uno-acciones-por-el-planeta\/\">Selo de Ouro Zero Waste Icontec (2023)<\/a>premiado pela implementa\u00e7\u00e3o exemplar de seu modelo de gerenciamento de res\u00edduos.<\/li><li><a href=\"https:\/\/comfenalcoquindio.com\/comfenalco-quindio-elegida-por-segundo-ocasion-como-la-empresa-con-mejor-practica-ambiental-del-departamento\/\">Pr\u00eamio Regional e Nacional de Melhor Pr\u00e1tica Ambiental - CAMACOL (2024)<\/a>.<\/li><li><a href=\"https:\/\/comfenalcoquindio.com\/comfenalco-quindio-segundo-lugar-del-premio-bibo-del-periodico-el-espectador\/#:~:text=Este%20mi%C3%A9rcoles%2011%20de%20octubre%2C%20el%20peri%C3%B3dico,proyecto:%20Por%20el%20planeta%2C%20por%20nuestra%20gente\">Pr\u00eamio BIBO El Espectador (segundo lugar, 2023)<\/a> para seu projeto <em>\"Pelo planeta, por nosso povo<\/em>de destaque nacional.<\/li><li><a href=\"https:\/\/comfenalcoquindio.com\/red-pacto-global-otorga-reconocimiento-nacional-a-comfenalco-quindio-por-buenas-practicas-de-desarrollo-sostenible-2024\/\">Reconhecimento no ODS 12<\/a> pelo Pacto Global Col\u00f4mbia e pela C\u00e2mara de Com\u00e9rcio de Bogot\u00e1.<\/li><li><a href=\"https:\/\/comfenalcoquindio.com\/sociedad-europea-para-la-investigacion-de-la-calidad-otorgo-premio-quality-choice-prize-2025-a-comfenalco-quindio\/\">Pr\u00eamio Quality Choice 2025<\/a>Esse prestigioso reconhecimento foi concedido pela European Society for Quality Research (ESQR) em Estocolmo, Su\u00e9cia, e posiciona a Comfenalco Quind\u00edo como a primeira empresa colombiana a receber essa distin\u00e7\u00e3o internacional. O pr\u00eamio destaca sua excel\u00eancia operacional, \u00e9tica institucional e impacto social, reconhecendo, em particular, sua abordagem human\u00edstica, a for\u00e7a de seu sistema de gerenciamento integrado e seu compromisso com a transforma\u00e7\u00e3o sustent\u00e1vel do territ\u00f3rio.<\/li><\/ul><p>\u00a0<\/p><p>Entre os aspectos valorizados pelo ESQR est\u00e3o a implementa\u00e7\u00e3o do modelo Zero Waste, que permitiu atingir uma taxa de recupera\u00e7\u00e3o de res\u00edduos de 84,2%, e o uso de energia solar, que atualmente cobre 40% da demanda de energia do Soled\u00e9n Park.<\/p>\t\t\t\t\t\t\t\t<\/div>\n\t\t\t\t<div class=\"elementor-element elementor-element-bdcee3d elementor-widget elementor-widget-image\" data-id=\"bdcee3d\" data-element_type=\"widget\" data-e-type=\"widget\" data-widget_type=\"image.default\">\n\t\t\t\t\t\t\t\t\t\t\t\t\t\t\t<img fetchpriority=\"high\" decoding=\"async\" width=\"637\" height=\"1024\" src=\"https:\/\/globalzerowaste.org\/wp-content\/uploads\/2025\/07\/IMG_E1692-637x1024.jpg\" class=\"attachment-large size-large wp-image-5424\" alt=\"Comfenalco, conquista da Zero Waste Zero Waste\" srcset=\"https:\/\/globalzerowaste.org\/wp-content\/uploads\/2025\/07\/IMG_E1692-637x1024.jpg 637w, https:\/\/globalzerowaste.org\/wp-content\/uploads\/2025\/07\/IMG_E1692-187x300.jpg 187w, https:\/\/globalzerowaste.org\/wp-content\/uploads\/2025\/07\/IMG_E1692-768x1235.jpg 768w, https:\/\/globalzerowaste.org\/wp-content\/uploads\/2025\/07\/IMG_E1692-955x1536.jpg 955w, https:\/\/globalzerowaste.org\/wp-content\/uploads\/2025\/07\/IMG_E1692-1274x2048.jpg 1274w, https:\/\/globalzerowaste.org\/wp-content\/uploads\/2025\/07\/IMG_E1692-7x12.jpg 7w, https:\/\/globalzerowaste.org\/wp-content\/uploads\/2025\/07\/IMG_E1692-scaled.jpg 1592w\" sizes=\"(max-width: 637px) 100vw, 637px\" \/>\t\t\t\t\t\t\t\t\t\t\t\t\t\t\t<\/div>\n\t\t\t\t<div class=\"elementor-element elementor-element-6a9b525 elementor-widget elementor-widget-text-editor\" data-id=\"6a9b525\" data-element_type=\"widget\" data-e-type=\"widget\" data-widget_type=\"text-editor.default\">\n\t\t\t\t\t\t\t\t\t<p><strong>Uma equipe que promove mudan\u00e7as<\/strong><\/p><p>Nada disso seria poss\u00edvel sem a lideran\u00e7a, o compromisso e a vis\u00e3o daqueles que est\u00e3o conduzindo essa transforma\u00e7\u00e3o. A Global Zero Waste gostaria de estender um reconhecimento especial aos seus diretores, liderados por <a href=\"https:\/\/www.linkedin.com\/in\/jose-fernando-montes-salazar-81b47b107\/?originalSubdomain=co\"><strong>Jos\u00e9 Fernando Montes Salazar<\/strong><\/a>Diretor Administrativo; <a href=\"https:\/\/www.linkedin.com\/in\/ivan-dario-alzate-marin-67b79b162\/?originalSubdomain=co\"><strong>Iv\u00e1n Dar\u00edo Alzate Mar\u00edn<\/strong><\/a>Gerente de Servi\u00e7os Sociais; e <a href=\"https:\/\/www.linkedin.com\/in\/luis-dario-tellez-ramirez-7805ba24b\/?originalSubdomain=co\"><strong>Luis Dar\u00edo T\u00e9llez<\/strong><\/a>O Coordenador de Responsabilidade Social Corporativa, por seu compromisso e convic\u00e7\u00e3o nesse processo.<\/p><p>Gostar\u00edamos tamb\u00e9m de destacar e agradecer a todos os funcion\u00e1rios da Comfenalco Quind\u00edo, cujo esfor\u00e7o di\u00e1rio, vontade de mudar e senso de pertencimento foram fundamentais para alcan\u00e7ar esses resultados. Essa conquista \u00e9, sem d\u00favida, o reflexo de uma organiza\u00e7\u00e3o que trabalha unida e com prop\u00f3sito.<\/p><p><strong>Um chamado para liderar com prop\u00f3sito<\/strong><\/p><p>A trajet\u00f3ria da Comfenalco Quind\u00edo demonstra que a sustentabilidade n\u00e3o \u00e9 apenas uma meta institucional, mas um compromisso di\u00e1rio com o bem-estar coletivo. Toda a\u00e7\u00e3o conta, toda decis\u00e3o transforma, e toda organiza\u00e7\u00e3o - independentemente de seu setor - tem o poder de fazer a diferen\u00e7a.<\/p><p>Como o futuro n\u00e3o espera, ele \u00e9 constru\u00eddo com responsabilidade, inova\u00e7\u00e3o e prop\u00f3sito.<\/p><p style=\"text-align: center;\"><strong><em>Voc\u00ea est\u00e1 pronto para liderar uma transforma\u00e7\u00e3o sustent\u00e1vel em sua organiza\u00e7\u00e3o?<\/em><\/strong><\/p>\t\t\t\t\t\t\t\t<\/div>\n\t\t\t\t<div class=\"elementor-element elementor-element-8bdc9e4 elementor-align-center elementor-widget elementor-widget-button\" data-id=\"8bdc9e4\" data-element_type=\"widget\" data-e-type=\"widget\" data-widget_type=\"button.default\">\n\t\t\t\t\t\t\t\t\t\t<a class=\"elementor-button elementor-button-link elementor-size-sm\" href=\"https:\/\/globalzerowaste.org\/pt\/sistema-de-gerenciamento-de-residuos-zero\/\">\n\t\t\t\t\t\t<span class=\"elementor-button-content-wrapper\">\n\t\t\t\t\t\t\t\t\t<span class=\"elementor-button-text\">Saiba mais aqui<\/span>\n\t\t\t\t\t<\/span>\n\t\t\t\t\t<\/a>\n\t\t\t\t\t\t\t\t<\/div>\n\t\t\t\t\t<\/div>\n\t\t\t\t<\/div>\n\t\t<div class=\"elementor-element elementor-element-f3304eb e-flex e-con-boxed e-con e-parent\" data-id=\"f3304eb\" data-element_type=\"container\" data-e-type=\"container\">\n\t\t\t\t\t<div class=\"e-con-inner\">\n\t\t\t\t<div class=\"elementor-element elementor-element-4981193 elementor-widget elementor-widget-spacer\" data-id=\"4981193\" data-element_type=\"widget\" data-e-type=\"widget\" data-widget_type=\"spacer.default\">\n\t\t\t\t\t\t\t<div class=\"elementor-spacer\">\n\t\t\t<div class=\"elementor-spacer-inner\"><\/div>\n\t\t<\/div>\n\t\t\t\t\t\t<\/div>\n\t\t\t\t<div class=\"elementor-element elementor-element-f5afe81 elementor-widget-divider--view-line elementor-widget elementor-widget-divider\" data-id=\"f5afe81\" data-element_type=\"widget\" data-e-type=\"widget\" data-widget_type=\"divider.default\">\n\t\t\t\t\t\t\t<div class=\"elementor-divider\">\n\t\t\t<span class=\"elementor-divider-separator\">\n\t\t\t\t\t\t<\/span>\n\t\t<\/div>\n\t\t\t\t\t\t<\/div>\n\t\t\t\t<div class=\"elementor-element elementor-element-74aa1b6 elementor-widget elementor-widget-heading\" data-id=\"74aa1b6\" data-element_type=\"widget\" data-e-type=\"widget\" data-widget_type=\"heading.default\">\n\t\t\t\t\t<h2 class=\"elementor-heading-title elementor-size-default\">Assine<\/h2>\t\t\t\t<\/div>\n\t\t\t\t<div class=\"elementor-element elementor-element-9460223 elementor-widget elementor-widget-hubspot-form\" data-id=\"9460223\" data-element_type=\"widget\" data-e-type=\"widget\" data-widget_type=\"hubspot-form.default\">\n\t\t\t\t<div class=\"elementor-widget-container\">\n\t\t\t\t\t\n\t\t\t\t\t\t<script>\n\t\t\t\t\t\t\twindow.hsFormsOnReady = window.hsFormsOnReady || [];\n\t\t\t\t\t\t\twindow.hsFormsOnReady.push(()=>{\n\t\t\t\t\t\t\t\thbspt.forms.create({\n\t\t\t\t\t\t\t\t\tportalId: 48247350,\n\t\t\t\t\t\t\t\t\tformId: \"2c55022e-1a3f-4899-be29-12d9aa63354f\",\n\t\t\t\t\t\t\t\t\ttarget: \"#hbspt-form-1777669356000-8020449847\",\n\t\t\t\t\t\t\t\t\tregion: \"na1\",\n\t\t\t\t\t\t\t\t\t\n\t\t\t\t\t\t\t})});\n\t\t\t\t\t\t<\/script>\n\t\t\t\t\t\t<div class=\"hbspt-form\" id=\"hbspt-form-1777669356000-8020449847\"><\/div>\t\t\t\t<\/div>\n\t\t\t\t<\/div>\n\t\t\t\t\t<\/div>\n\t\t\t\t<\/div>\n\t\t\t\t<\/div>","protected":false},"excerpt":{"rendered":"<p>Desde hace casi cinco d\u00e9cadas, Comfenalco Quind\u00edo ha trabajado por el bienestar de los trabajadores y sus familias en la regi\u00f3n cafetera, posicion\u00e1ndose como una instituci\u00f3n aliada del desarrollo social. Hoy, adem\u00e1s, se consolida como un referente en sostenibilidad al convertirse en la primera Caja de Compensaci\u00f3n Familiar del pa\u00eds certificada con el sello Oro [&hellip;]<\/p>\n","protected":false},"author":5,"featured_media":5419,"comment_status":"closed","ping_status":"closed","sticky":false,"template":"","format":"standard","meta":{"content-type":"","_joinchat":[],"footnotes":""},"categories":[22,10,21],"tags":[],"class_list":["post-5418","post","type-post","status-publish","format-standard","has-post-thumbnail","hentry","category-economia_circular","category-noticias","category-sgzw"],"yoast_head":"<!-- This site is optimized with the Yoast SEO plugin v27.5 - https:\/\/yoast.com\/product\/yoast-seo-wordpress\/ -->\n<title>Comfenalco Quind\u00edo: Liderazgo social y ambiental desde el coraz\u00f3n del Eje Cafetero Primera Caja de Compensaci\u00f3n Familiar certificada en Zero Waste - Global Zero Waste \/ Basura Cero Global<\/title>\n<meta name=\"description\" content=\"SGZW Comfenalco Quind\u00edo: Liderazgo social y ambiental desde el coraz\u00f3n del Eje Cafetero Primera Caja de Compensaci\u00f3n Familiar certificada en Zero Waste - Global Zero Waste \/ Basura Cero Global\" \/>\n<meta name=\"robots\" content=\"index, follow, max-snippet:-1, max-image-preview:large, max-video-preview:-1\" \/>\n<link rel=\"canonical\" href=\"https:\/\/globalzerowaste.org\/pt\/comfenalco-quindio-lideranca-social-e-ambiental-do-coracao-da-regiao-cafeeira-primeiro-fundo-de-compensacao-familiar-certificado-em-desperdicio-zero\/\" \/>\n<meta property=\"og:locale\" content=\"pt_BR\" \/>\n<meta property=\"og:type\" content=\"article\" \/>\n<meta property=\"og:title\" content=\"Comfenalco Quind\u00edo: Liderazgo social y ambiental desde el coraz\u00f3n del Eje Cafetero Primera Caja de Compensaci\u00f3n Familiar certificada en Zero Waste - Global Zero Waste \/ Basura Cero Global\" \/>\n<meta property=\"og:description\" content=\"SGZW Comfenalco Quind\u00edo: Liderazgo social y ambiental desde el coraz\u00f3n del Eje Cafetero Primera Caja de Compensaci\u00f3n Familiar certificada en Zero Waste - Global Zero Waste \/ Basura Cero Global\" \/>\n<meta property=\"og:url\" content=\"https:\/\/globalzerowaste.org\/pt\/comfenalco-quindio-lideranca-social-e-ambiental-do-coracao-da-regiao-cafeeira-primeiro-fundo-de-compensacao-familiar-certificado-em-desperdicio-zero\/\" \/>\n<meta property=\"og:site_name\" content=\"Global Zero Waste \/ Basura Cero Global\" \/>\n<meta property=\"article:publisher\" content=\"https:\/\/www.facebook.com\/globalzerowasteGZW\" \/>\n<meta property=\"article:published_time\" content=\"2025-07-10T19:02:47+00:00\" \/>\n<meta property=\"article:modified_time\" content=\"2025-07-10T20:30:26+00:00\" \/>\n<meta property=\"og:image\" content=\"https:\/\/globalzerowaste.org\/wp-content\/uploads\/2025\/07\/DJI_0113-scaled.jpg\" \/>\n\t<meta property=\"og:image:width\" content=\"2048\" \/>\n\t<meta property=\"og:image:height\" content=\"1152\" \/>\n\t<meta property=\"og:image:type\" content=\"image\/jpeg\" \/>\n<meta name=\"author\" content=\"Diego Romero\" \/>\n<meta name=\"twitter:card\" content=\"summary_large_image\" \/>\n<meta name=\"twitter:creator\" content=\"@basuraceroglob\" \/>\n<meta name=\"twitter:site\" content=\"@basuraceroglob\" \/>\n<meta name=\"twitter:label1\" content=\"Escrito por\" \/>\n\t<meta name=\"twitter:data1\" content=\"Diego Romero\" \/>\n\t<meta name=\"twitter:label2\" content=\"Est. tempo de leitura\" \/>\n\t<meta name=\"twitter:data2\" content=\"4 minutos\" \/>\n<script type=\"application\/ld+json\" class=\"yoast-schema-graph\">{\"@context\":\"https:\\\/\\\/schema.org\",\"@graph\":[{\"@type\":\"Article\",\"@id\":\"https:\\\/\\\/globalzerowaste.org\\\/comfenalco-quindio-liderazgo-social-y-ambiental-desde-el-corazon-del-eje-cafetero-primera-caja-de-compensacion-familiar-certificada-en-zero-waste\\\/#article\",\"isPartOf\":{\"@id\":\"https:\\\/\\\/globalzerowaste.org\\\/comfenalco-quindio-liderazgo-social-y-ambiental-desde-el-corazon-del-eje-cafetero-primera-caja-de-compensacion-familiar-certificada-en-zero-waste\\\/\"},\"author\":{\"name\":\"Diego Romero\",\"@id\":\"https:\\\/\\\/globalzerowaste.org\\\/#\\\/schema\\\/person\\\/5964e9b3591282df75f5643b4e777435\"},\"headline\":\"Comfenalco Quind\u00edo: Liderazgo social y ambiental desde el coraz\u00f3n del Eje Cafetero Primera Caja de Compensaci\u00f3n Familiar certificada en Zero Waste\",\"datePublished\":\"2025-07-10T19:02:47+00:00\",\"dateModified\":\"2025-07-10T20:30:26+00:00\",\"mainEntityOfPage\":{\"@id\":\"https:\\\/\\\/globalzerowaste.org\\\/comfenalco-quindio-liderazgo-social-y-ambiental-desde-el-corazon-del-eje-cafetero-primera-caja-de-compensacion-familiar-certificada-en-zero-waste\\\/\"},\"wordCount\":740,\"publisher\":{\"@id\":\"https:\\\/\\\/globalzerowaste.org\\\/#organization\"},\"image\":{\"@id\":\"https:\\\/\\\/globalzerowaste.org\\\/comfenalco-quindio-liderazgo-social-y-ambiental-desde-el-corazon-del-eje-cafetero-primera-caja-de-compensacion-familiar-certificada-en-zero-waste\\\/#primaryimage\"},\"thumbnailUrl\":\"https:\\\/\\\/globalzerowaste.org\\\/wp-content\\\/uploads\\\/2025\\\/07\\\/DJI_0113-scaled.jpg\",\"articleSection\":[\"Econom\u00eda circular\",\"Noticias\",\"SGZW\"],\"inLanguage\":\"pt-BR\"},{\"@type\":\"WebPage\",\"@id\":\"https:\\\/\\\/globalzerowaste.org\\\/comfenalco-quindio-liderazgo-social-y-ambiental-desde-el-corazon-del-eje-cafetero-primera-caja-de-compensacion-familiar-certificada-en-zero-waste\\\/\",\"url\":\"https:\\\/\\\/globalzerowaste.org\\\/comfenalco-quindio-liderazgo-social-y-ambiental-desde-el-corazon-del-eje-cafetero-primera-caja-de-compensacion-familiar-certificada-en-zero-waste\\\/\",\"name\":\"Comfenalco Quind\u00edo: Liderazgo social y ambiental desde el coraz\u00f3n del Eje Cafetero Primera Caja de Compensaci\u00f3n Familiar certificada en Zero Waste - Global Zero Waste \\\/ Basura Cero Global\",\"isPartOf\":{\"@id\":\"https:\\\/\\\/globalzerowaste.org\\\/#website\"},\"primaryImageOfPage\":{\"@id\":\"https:\\\/\\\/globalzerowaste.org\\\/comfenalco-quindio-liderazgo-social-y-ambiental-desde-el-corazon-del-eje-cafetero-primera-caja-de-compensacion-familiar-certificada-en-zero-waste\\\/#primaryimage\"},\"image\":{\"@id\":\"https:\\\/\\\/globalzerowaste.org\\\/comfenalco-quindio-liderazgo-social-y-ambiental-desde-el-corazon-del-eje-cafetero-primera-caja-de-compensacion-familiar-certificada-en-zero-waste\\\/#primaryimage\"},\"thumbnailUrl\":\"https:\\\/\\\/globalzerowaste.org\\\/wp-content\\\/uploads\\\/2025\\\/07\\\/DJI_0113-scaled.jpg\",\"datePublished\":\"2025-07-10T19:02:47+00:00\",\"dateModified\":\"2025-07-10T20:30:26+00:00\",\"description\":\"SGZW Comfenalco Quind\u00edo: Liderazgo social y ambiental desde el coraz\u00f3n del Eje Cafetero Primera Caja de Compensaci\u00f3n Familiar certificada en Zero Waste - Global Zero Waste \\\/ Basura Cero Global\",\"breadcrumb\":{\"@id\":\"https:\\\/\\\/globalzerowaste.org\\\/comfenalco-quindio-liderazgo-social-y-ambiental-desde-el-corazon-del-eje-cafetero-primera-caja-de-compensacion-familiar-certificada-en-zero-waste\\\/#breadcrumb\"},\"inLanguage\":\"pt-BR\",\"potentialAction\":[{\"@type\":\"ReadAction\",\"target\":[\"https:\\\/\\\/globalzerowaste.org\\\/comfenalco-quindio-liderazgo-social-y-ambiental-desde-el-corazon-del-eje-cafetero-primera-caja-de-compensacion-familiar-certificada-en-zero-waste\\\/\"]}]},{\"@type\":\"ImageObject\",\"inLanguage\":\"pt-BR\",\"@id\":\"https:\\\/\\\/globalzerowaste.org\\\/comfenalco-quindio-liderazgo-social-y-ambiental-desde-el-corazon-del-eje-cafetero-primera-caja-de-compensacion-familiar-certificada-en-zero-waste\\\/#primaryimage\",\"url\":\"https:\\\/\\\/globalzerowaste.org\\\/wp-content\\\/uploads\\\/2025\\\/07\\\/DJI_0113-scaled.jpg\",\"contentUrl\":\"https:\\\/\\\/globalzerowaste.org\\\/wp-content\\\/uploads\\\/2025\\\/07\\\/DJI_0113-scaled.jpg\",\"width\":2048,\"height\":1152,\"caption\":\"default\"},{\"@type\":\"BreadcrumbList\",\"@id\":\"https:\\\/\\\/globalzerowaste.org\\\/comfenalco-quindio-liderazgo-social-y-ambiental-desde-el-corazon-del-eje-cafetero-primera-caja-de-compensacion-familiar-certificada-en-zero-waste\\\/#breadcrumb\",\"itemListElement\":[{\"@type\":\"ListItem\",\"position\":1,\"name\":\"Inicio\",\"item\":\"https:\\\/\\\/globalzerowaste.org\\\/\"},{\"@type\":\"ListItem\",\"position\":2,\"name\":\"SGZW\",\"item\":\"https:\\\/\\\/globalzerowaste.org\\\/category\\\/sgzw\\\/\"},{\"@type\":\"ListItem\",\"position\":3,\"name\":\"Comfenalco Quind\u00edo: Liderazgo social y ambiental desde el coraz\u00f3n del Eje Cafetero Primera Caja de Compensaci\u00f3n Familiar certificada en Zero Waste\"}]},{\"@type\":\"WebSite\",\"@id\":\"https:\\\/\\\/globalzerowaste.org\\\/#website\",\"url\":\"https:\\\/\\\/globalzerowaste.org\\\/\",\"name\":\"Global Zero Waste\",\"description\":\"Reducimos costos de materiales y residuos en todo tipo de organizaciones a nivel global. Expertos en Econom\u00eda Circular, Zero Waste y Sostenibilidad en gesti\u00f3n de materiales y residuos s\u00f3lidos (basura cero, residuo cero)\",\"publisher\":{\"@id\":\"https:\\\/\\\/globalzerowaste.org\\\/#organization\"},\"alternateName\":\"GZW - Basura Cero Global\",\"potentialAction\":[{\"@type\":\"SearchAction\",\"target\":{\"@type\":\"EntryPoint\",\"urlTemplate\":\"https:\\\/\\\/globalzerowaste.org\\\/?s={search_term_string}\"},\"query-input\":{\"@type\":\"PropertyValueSpecification\",\"valueRequired\":true,\"valueName\":\"search_term_string\"}}],\"inLanguage\":\"pt-BR\"},{\"@type\":\"Organization\",\"@id\":\"https:\\\/\\\/globalzerowaste.org\\\/#organization\",\"name\":\"Global Zero Waste\",\"alternateName\":\"GZW - Basura Cero Global\",\"url\":\"https:\\\/\\\/globalzerowaste.org\\\/\",\"logo\":{\"@type\":\"ImageObject\",\"inLanguage\":\"pt-BR\",\"@id\":\"https:\\\/\\\/globalzerowaste.org\\\/#\\\/schema\\\/logo\\\/image\\\/\",\"url\":\"https:\\\/\\\/globalzerowaste.org\\\/wp-content\\\/uploads\\\/2023\\\/09\\\/Logo-Global-Zero-Waste-sin-bordes.png\",\"contentUrl\":\"https:\\\/\\\/globalzerowaste.org\\\/wp-content\\\/uploads\\\/2023\\\/09\\\/Logo-Global-Zero-Waste-sin-bordes.png\",\"width\":1800,\"height\":689,\"caption\":\"Global Zero Waste\"},\"image\":{\"@id\":\"https:\\\/\\\/globalzerowaste.org\\\/#\\\/schema\\\/logo\\\/image\\\/\"},\"sameAs\":[\"https:\\\/\\\/www.facebook.com\\\/globalzerowasteGZW\",\"https:\\\/\\\/x.com\\\/basuraceroglob\",\"https:\\\/\\\/www.linkedin.com\\\/company\\\/globalzerowaste\\\/posts\\\/?feedView=all\",\"https:\\\/\\\/www.instagram.com\\\/global.zerowaste\\\/\",\"https:\\\/\\\/www.youtube.com\\\/@GlobalZeroWaste\"]},{\"@type\":\"Person\",\"@id\":\"https:\\\/\\\/globalzerowaste.org\\\/#\\\/schema\\\/person\\\/5964e9b3591282df75f5643b4e777435\",\"name\":\"Diego Romero\",\"image\":{\"@type\":\"ImageObject\",\"inLanguage\":\"pt-BR\",\"@id\":\"https:\\\/\\\/secure.gravatar.com\\\/avatar\\\/17999e1fb74f3ad533acecf94c2ba947f29e55e14efc9eb23ad9789630fc650f?s=96&d=mm&r=g\",\"url\":\"https:\\\/\\\/secure.gravatar.com\\\/avatar\\\/17999e1fb74f3ad533acecf94c2ba947f29e55e14efc9eb23ad9789630fc650f?s=96&d=mm&r=g\",\"contentUrl\":\"https:\\\/\\\/secure.gravatar.com\\\/avatar\\\/17999e1fb74f3ad533acecf94c2ba947f29e55e14efc9eb23ad9789630fc650f?s=96&d=mm&r=g\",\"caption\":\"Diego Romero\"},\"url\":\"https:\\\/\\\/globalzerowaste.org\\\/pt\\\/author\\\/dromero\\\/\"}]}<\/script>\n<!-- \/ Yoast SEO plugin. -->","yoast_head_json":{"title":"Comfenalco Quind\u00edo: Lideran\u00e7a social e ambiental a partir do cora\u00e7\u00e3o do Eje Cafetero Primeira Caja de Compensaci\u00f3n Familiar certificada em Zero Waste - Global Zero Waste \/ Global Zero Garbage","description":"Comfenalco Quind\u00edo: Lideran\u00e7a social e ambiental a partir do cora\u00e7\u00e3o do Eje Cafetero Primeira Caja de Compensaci\u00f3n Familiar certificada em Zero Waste - Global Zero Waste \/ Global Zero Garbage","robots":{"index":"index","follow":"follow","max-snippet":"max-snippet:-1","max-image-preview":"max-image-preview:large","max-video-preview":"max-video-preview:-1"},"canonical":"https:\/\/globalzerowaste.org\/pt\/comfenalco-quindio-lideranca-social-e-ambiental-do-coracao-da-regiao-cafeeira-primeiro-fundo-de-compensacao-familiar-certificado-em-desperdicio-zero\/","og_locale":"pt_BR","og_type":"article","og_title":"Comfenalco Quind\u00edo: Liderazgo social y ambiental desde el coraz\u00f3n del Eje Cafetero Primera Caja de Compensaci\u00f3n Familiar certificada en Zero Waste - Global Zero Waste \/ Basura Cero Global","og_description":"SGZW Comfenalco Quind\u00edo: Liderazgo social y ambiental desde el coraz\u00f3n del Eje Cafetero Primera Caja de Compensaci\u00f3n Familiar certificada en Zero Waste - Global Zero Waste \/ Basura Cero Global","og_url":"https:\/\/globalzerowaste.org\/pt\/comfenalco-quindio-lideranca-social-e-ambiental-do-coracao-da-regiao-cafeeira-primeiro-fundo-de-compensacao-familiar-certificado-em-desperdicio-zero\/","og_site_name":"Global Zero Waste \/ Basura Cero Global","article_publisher":"https:\/\/www.facebook.com\/globalzerowasteGZW","article_published_time":"2025-07-10T19:02:47+00:00","article_modified_time":"2025-07-10T20:30:26+00:00","og_image":[{"width":2048,"height":1152,"url":"https:\/\/globalzerowaste.org\/wp-content\/uploads\/2025\/07\/DJI_0113-scaled.jpg","type":"image\/jpeg"}],"author":"Diego Romero","twitter_card":"summary_large_image","twitter_creator":"@basuraceroglob","twitter_site":"@basuraceroglob","twitter_misc":{"Escrito por":"Diego Romero","Est. tempo de leitura":"4 minutos"},"schema":{"@context":"https:\/\/schema.org","@graph":[{"@type":"Article","@id":"https:\/\/globalzerowaste.org\/comfenalco-quindio-liderazgo-social-y-ambiental-desde-el-corazon-del-eje-cafetero-primera-caja-de-compensacion-familiar-certificada-en-zero-waste\/#article","isPartOf":{"@id":"https:\/\/globalzerowaste.org\/comfenalco-quindio-liderazgo-social-y-ambiental-desde-el-corazon-del-eje-cafetero-primera-caja-de-compensacion-familiar-certificada-en-zero-waste\/"},"author":{"name":"Diego Romero","@id":"https:\/\/globalzerowaste.org\/#\/schema\/person\/5964e9b3591282df75f5643b4e777435"},"headline":"Comfenalco Quind\u00edo: Liderazgo social y ambiental desde el coraz\u00f3n del Eje Cafetero Primera Caja de Compensaci\u00f3n Familiar certificada en Zero Waste","datePublished":"2025-07-10T19:02:47+00:00","dateModified":"2025-07-10T20:30:26+00:00","mainEntityOfPage":{"@id":"https:\/\/globalzerowaste.org\/comfenalco-quindio-liderazgo-social-y-ambiental-desde-el-corazon-del-eje-cafetero-primera-caja-de-compensacion-familiar-certificada-en-zero-waste\/"},"wordCount":740,"publisher":{"@id":"https:\/\/globalzerowaste.org\/#organization"},"image":{"@id":"https:\/\/globalzerowaste.org\/comfenalco-quindio-liderazgo-social-y-ambiental-desde-el-corazon-del-eje-cafetero-primera-caja-de-compensacion-familiar-certificada-en-zero-waste\/#primaryimage"},"thumbnailUrl":"https:\/\/globalzerowaste.org\/wp-content\/uploads\/2025\/07\/DJI_0113-scaled.jpg","articleSection":["Econom\u00eda circular","Noticias","SGZW"],"inLanguage":"pt-BR"},{"@type":"WebPage","@id":"https:\/\/globalzerowaste.org\/comfenalco-quindio-liderazgo-social-y-ambiental-desde-el-corazon-del-eje-cafetero-primera-caja-de-compensacion-familiar-certificada-en-zero-waste\/","url":"https:\/\/globalzerowaste.org\/comfenalco-quindio-liderazgo-social-y-ambiental-desde-el-corazon-del-eje-cafetero-primera-caja-de-compensacion-familiar-certificada-en-zero-waste\/","name":"Comfenalco Quind\u00edo: Lideran\u00e7a social e ambiental a partir do cora\u00e7\u00e3o do Eje Cafetero Primeira Caja de Compensaci\u00f3n Familiar certificada em Zero Waste - Global Zero Waste \/ Global Zero Garbage","isPartOf":{"@id":"https:\/\/globalzerowaste.org\/#website"},"primaryImageOfPage":{"@id":"https:\/\/globalzerowaste.org\/comfenalco-quindio-liderazgo-social-y-ambiental-desde-el-corazon-del-eje-cafetero-primera-caja-de-compensacion-familiar-certificada-en-zero-waste\/#primaryimage"},"image":{"@id":"https:\/\/globalzerowaste.org\/comfenalco-quindio-liderazgo-social-y-ambiental-desde-el-corazon-del-eje-cafetero-primera-caja-de-compensacion-familiar-certificada-en-zero-waste\/#primaryimage"},"thumbnailUrl":"https:\/\/globalzerowaste.org\/wp-content\/uploads\/2025\/07\/DJI_0113-scaled.jpg","datePublished":"2025-07-10T19:02:47+00:00","dateModified":"2025-07-10T20:30:26+00:00","description":"Comfenalco Quind\u00edo: Lideran\u00e7a social e ambiental a partir do cora\u00e7\u00e3o do Eje Cafetero Primeira Caja de Compensaci\u00f3n Familiar certificada em Zero Waste - Global Zero Waste \/ Global Zero Garbage","breadcrumb":{"@id":"https:\/\/globalzerowaste.org\/comfenalco-quindio-liderazgo-social-y-ambiental-desde-el-corazon-del-eje-cafetero-primera-caja-de-compensacion-familiar-certificada-en-zero-waste\/#breadcrumb"},"inLanguage":"pt-BR","potentialAction":[{"@type":"ReadAction","target":["https:\/\/globalzerowaste.org\/comfenalco-quindio-liderazgo-social-y-ambiental-desde-el-corazon-del-eje-cafetero-primera-caja-de-compensacion-familiar-certificada-en-zero-waste\/"]}]},{"@type":"ImageObject","inLanguage":"pt-BR","@id":"https:\/\/globalzerowaste.org\/comfenalco-quindio-liderazgo-social-y-ambiental-desde-el-corazon-del-eje-cafetero-primera-caja-de-compensacion-familiar-certificada-en-zero-waste\/#primaryimage","url":"https:\/\/globalzerowaste.org\/wp-content\/uploads\/2025\/07\/DJI_0113-scaled.jpg","contentUrl":"https:\/\/globalzerowaste.org\/wp-content\/uploads\/2025\/07\/DJI_0113-scaled.jpg","width":2048,"height":1152,"caption":"default"},{"@type":"BreadcrumbList","@id":"https:\/\/globalzerowaste.org\/comfenalco-quindio-liderazgo-social-y-ambiental-desde-el-corazon-del-eje-cafetero-primera-caja-de-compensacion-familiar-certificada-en-zero-waste\/#breadcrumb","itemListElement":[{"@type":"ListItem","position":1,"name":"Inicio","item":"https:\/\/globalzerowaste.org\/"},{"@type":"ListItem","position":2,"name":"SGZW","item":"https:\/\/globalzerowaste.org\/category\/sgzw\/"},{"@type":"ListItem","position":3,"name":"Comfenalco Quind\u00edo: Liderazgo social y ambiental desde el coraz\u00f3n del Eje Cafetero Primera Caja de Compensaci\u00f3n Familiar certificada en Zero Waste"}]},{"@type":"WebSite","@id":"https:\/\/globalzerowaste.org\/#website","url":"https:\/\/globalzerowaste.org\/","name":"Global Zero Waste","description":"Reduzimos os custos de materiais e res\u00edduos em todos os tipos de organiza\u00e7\u00f5es em n\u00edvel global. Especialistas em Economia Circular, Desperd\u00edcio Zero e Sustentabilidade na gest\u00e3o de materiais e res\u00edduos s\u00f3lidos (desperd\u00edcio zero, res\u00edduo zero).","publisher":{"@id":"https:\/\/globalzerowaste.org\/#organization"},"alternateName":"GZW - Basura Cero Global","potentialAction":[{"@type":"SearchAction","target":{"@type":"EntryPoint","urlTemplate":"https:\/\/globalzerowaste.org\/?s={search_term_string}"},"query-input":{"@type":"PropertyValueSpecification","valueRequired":true,"valueName":"search_term_string"}}],"inLanguage":"pt-BR"},{"@type":"Organization","@id":"https:\/\/globalzerowaste.org\/#organization","name":"Global Zero Waste","alternateName":"GZW - Basura Cero Global","url":"https:\/\/globalzerowaste.org\/","logo":{"@type":"ImageObject","inLanguage":"pt-BR","@id":"https:\/\/globalzerowaste.org\/#\/schema\/logo\/image\/","url":"https:\/\/globalzerowaste.org\/wp-content\/uploads\/2023\/09\/Logo-Global-Zero-Waste-sin-bordes.png","contentUrl":"https:\/\/globalzerowaste.org\/wp-content\/uploads\/2023\/09\/Logo-Global-Zero-Waste-sin-bordes.png","width":1800,"height":689,"caption":"Global Zero Waste"},"image":{"@id":"https:\/\/globalzerowaste.org\/#\/schema\/logo\/image\/"},"sameAs":["https:\/\/www.facebook.com\/globalzerowasteGZW","https:\/\/x.com\/basuraceroglob","https:\/\/www.linkedin.com\/company\/globalzerowaste\/posts\/?feedView=all","https:\/\/www.instagram.com\/global.zerowaste\/","https:\/\/www.youtube.com\/@GlobalZeroWaste"]},{"@type":"Person","@id":"https:\/\/globalzerowaste.org\/#\/schema\/person\/5964e9b3591282df75f5643b4e777435","name":"Diego Romero","image":{"@type":"ImageObject","inLanguage":"pt-BR","@id":"https:\/\/secure.gravatar.com\/avatar\/17999e1fb74f3ad533acecf94c2ba947f29e55e14efc9eb23ad9789630fc650f?s=96&d=mm&r=g","url":"https:\/\/secure.gravatar.com\/avatar\/17999e1fb74f3ad533acecf94c2ba947f29e55e14efc9eb23ad9789630fc650f?s=96&d=mm&r=g","contentUrl":"https:\/\/secure.gravatar.com\/avatar\/17999e1fb74f3ad533acecf94c2ba947f29e55e14efc9eb23ad9789630fc650f?s=96&d=mm&r=g","caption":"Diego Romero"},"url":"https:\/\/globalzerowaste.org\/pt\/author\/dromero\/"}]}},"_links":{"self":[{"href":"https:\/\/globalzerowaste.org\/pt\/wp-json\/wp\/v2\/posts\/5418","targetHints":{"allow":["GET"]}}],"collection":[{"href":"https:\/\/globalzerowaste.org\/pt\/wp-json\/wp\/v2\/posts"}],"about":[{"href":"https:\/\/globalzerowaste.org\/pt\/wp-json\/wp\/v2\/types\/post"}],"author":[{"embeddable":true,"href":"https:\/\/globalzerowaste.org\/pt\/wp-json\/wp\/v2\/users\/5"}],"replies":[{"embeddable":true,"href":"https:\/\/globalzerowaste.org\/pt\/wp-json\/wp\/v2\/comments?post=5418"}],"version-history":[{"count":6,"href":"https:\/\/globalzerowaste.org\/pt\/wp-json\/wp\/v2\/posts\/5418\/revisions"}],"predecessor-version":[{"id":5427,"href":"https:\/\/globalzerowaste.org\/pt\/wp-json\/wp\/v2\/posts\/5418\/revisions\/5427"}],"wp:featuredmedia":[{"embeddable":true,"href":"https:\/\/globalzerowaste.org\/pt\/wp-json\/wp\/v2\/media\/5419"}],"wp:attachment":[{"href":"https:\/\/globalzerowaste.org\/pt\/wp-json\/wp\/v2\/media?parent=5418"}],"wp:term":[{"taxonomy":"category","embeddable":true,"href":"https:\/\/globalzerowaste.org\/pt\/wp-json\/wp\/v2\/categories?post=5418"},{"taxonomy":"post_tag","embeddable":true,"href":"https:\/\/globalzerowaste.org\/pt\/wp-json\/wp\/v2\/tags?post=5418"}],"curies":[{"name":"wp","href":"https:\/\/api.w.org\/{rel}","templated":true}]}}